{"id":58330,"date":"2023-03-28T09:47:19","date_gmt":"2023-03-28T15:47:19","guid":{"rendered":"http:\/\/bambapolitica.com.mx\/?p=58330"},"modified":"2023-03-28T09:47:21","modified_gmt":"2023-03-28T15:47:21","slug":"confirman-28-guatemaltecos-entre-las-victimas-de-incendio-en-inm-de-ciudad-juarez","status":"publish","type":"post","link":"https:\/\/bambapolitica.com.mx\/index.php\/2023\/03\/28\/confirman-28-guatemaltecos-entre-las-victimas-de-incendio-en-inm-de-ciudad-juarez\/","title":{"rendered":"Confirman 28 guatemaltecos entre las v\u00edctimas de incendio en INM de Ciudad Ju\u00e1rez"},"content":{"rendered":"\n<p>Martes,28 marzo de 2023<\/p>\n\n\n\n<p>El Instituto de Migraci\u00f3n de Guatemala inform\u00f3 que de los muertos de esta tragedia, al menos 28 son de origen guatemalteco<br>Durante la noche de este lunes 27 de marzo del 2023, se registr\u00f3 un incendio en las instalaciones del Instituto Nacional de Migraci\u00f3n en Ciudad Ju\u00e1rez, hasta el momento se sabe que al menos 39 hombres proveniente de Centro Am\u00e9rica fallecieron en el lugar.<\/p>\n\n\n\n<p>Ante esto, autoridades de Migraci\u00f3n de Guatemala informaron mediante un comunicado que 28 de estos migrantes eran de origen guatemalteco.<\/p>\n\n\n\n<p>\u201cLas autoridades del Instituto Guatemalteco de Migraci\u00f3n lamentan profundamente y se solidarizan con las familias de las v\u00edctimas del incendio registrado en un \u00e1rea de alojamiento de la Estancia Provisional de Ciudad Ju\u00e1rez, Chihuahua\u201d.<br>En su comunicado, dijeron que ser\u00e1n respetuosos de los procesos y protocolos establecidos para que pronto el Ministerio de Relaciones Exteriores brinde apoyo y acompa\u00f1amiento a las familias afectadas.<\/p>\n\n\n\n<p>\u201cHasta el momento se confirman 28 guatemaltecos dentro de las v\u00edctimas\u2026 se estar\u00e1 a la espera de la informaci\u00f3n que de manera oportuna traslade el Ministerio de Relaciones Exteriores para brindar apoyo y acompa\u00f1amiento a las familias\u201d.<\/p>\n","protected":false},"excerpt":{"rendered":"<p>Martes,28 marzo de 2023 El Instituto de Migraci\u00f3n de Guatemala inform\u00f3 que de los muertos&#8230;<\/p>\n","protected":false},"author":3,"featured_media":58331,"comment_status":"closed","ping_status":"closed","sticky":false,"template":"","format":"standard","meta":{"footnotes":""},"categories":[4],"tags":[],"class_list":["post-58330","post","type-post","status-publish","format-standard","has-post-thumbnail","hentry","category-noticias-del-dia"],"_links":{"self":[{"href":"https:\/\/bambapolitica.com.mx\/index.php\/wp-json\/wp\/v2\/posts\/58330","targetHints":{"allow":["GET"]}}],"collection":[{"href":"https:\/\/bambapolitica.com.mx\/index.php\/wp-json\/wp\/v2\/posts"}],"about":[{"href":"https:\/\/bambapolitica.com.mx\/index.php\/wp-json\/wp\/v2\/types\/post"}],"author":[{"embeddable":true,"href":"https:\/\/bambapolitica.com.mx\/index.php\/wp-json\/wp\/v2\/users\/3"}],"replies":[{"embeddable":true,"href":"https:\/\/bambapolitica.com.mx\/index.php\/wp-json\/wp\/v2\/comments?post=58330"}],"version-history":[{"count":1,"href":"https:\/\/bambapolitica.com.mx\/index.php\/wp-json\/wp\/v2\/posts\/58330\/revisions"}],"predecessor-version":[{"id":58332,"href":"https:\/\/bambapolitica.com.mx\/index.php\/wp-json\/wp\/v2\/posts\/58330\/revisions\/58332"}],"wp:featuredmedia":[{"embeddable":true,"href":"https:\/\/bambapolitica.com.mx\/index.php\/wp-json\/wp\/v2\/media\/58331"}],"wp:attachment":[{"href":"https:\/\/bambapolitica.com.mx\/index.php\/wp-json\/wp\/v2\/media?parent=58330"}],"wp:term":[{"taxonomy":"category","embeddable":true,"href":"https:\/\/bambapolitica.com.mx\/index.php\/wp-json\/wp\/v2\/categories?post=58330"},{"taxonomy":"post_tag","embeddable":true,"href":"https:\/\/bambapolitica.com.mx\/index.php\/wp-json\/wp\/v2\/tags?post=58330"}],"curies":[{"name":"wp","href":"https:\/\/api.w.org\/{rel}","templated":true}]}}