{"id":58333,"date":"2023-03-28T09:54:08","date_gmt":"2023-03-28T15:54:08","guid":{"rendered":"http:\/\/bambapolitica.com.mx\/?p=58333"},"modified":"2023-03-28T09:54:10","modified_gmt":"2023-03-28T15:54:10","slug":"que-son-las-estancias-provisionales-del-inm-el-lugar-en-el-que-murieron-39-migrantes-en-chihuahua","status":"publish","type":"post","link":"https:\/\/bambapolitica.com.mx\/index.php\/2023\/03\/28\/que-son-las-estancias-provisionales-del-inm-el-lugar-en-el-que-murieron-39-migrantes-en-chihuahua\/","title":{"rendered":"\u00bfQu\u00e9 son las Estancias Provisionales del INM? El lugar en el que murieron 39 migrantes en Chihuahua"},"content":{"rendered":"\n<p>Martes,28 marzo de 2023<\/p>\n\n\n\n<p>Primeras versiones de los hechos se\u00f1alan que que los migrantes retenidos en la estaci\u00f3n migratoria iniciaron el fuego como un acto de protesta.<br>La muerte de 39 migrantes en una estaci\u00f3n migratoria de Ciudad Ju\u00e1rez Chihuahua, conmocion\u00f3 a todo el pa\u00eds. Las personas se encontraban en uno de las Estancias Provisionales del Instituto Nacional de Migraci\u00f3n (INM).<\/p>\n\n\n\n<p>Hasta el momento, el organismo reporta al menos otros 29 lesionados luego de un incendio ocurrido en el complejo; los heridos fueron trasladados a hospitales en estado grave-delicado.<br>\u00bfQu\u00e9 son las Estancias Provisionales del INM?<br>Las Estancias Provisionales son aquellas instalaciones f\u00edsicas que el Instituto establece o habilita para alojar de manera provisional a las personas extranjeras que no acrediten su situaci\u00f3n migratoria regular, hasta en tanto sean trasladados a una Estaci\u00f3n Migratoria o sea resuelta su situaci\u00f3n migratoria en t\u00e9rminos de la Ley y su Reglamento.<\/p>\n\n\n\n<p>Dichas Estancias de acuerdo a sus caracter\u00edsticas f\u00edsicas se clasifican en:<\/p>\n\n\n\n<p>Estancias provisionales A, que permiten una estancia m\u00e1xima de cuarenta y ocho horas.<br>Estancias provisionales B, que permiten una estancia m\u00e1xima de siete d\u00edas.<br>El art\u00edculo 7 de las Normas para el funcionamiento de las Estaciones Migratorias y Estancias Provisionales del INM, publicado en el Diario Oficial de la Federaci\u00f3n (DOF) establece quelas actividades de Estancias Provisionales estar\u00e1n sujetas a los siguientes horarios van de las 7:00 a las 20: 30 horas. Los servicios que ofrecen estos complejos comprenden:<\/p>\n\n\n\n<p>Aseo de cama y dormitorio.<br>Aseo personal.<br>Desayuno.<br>Llamadas, actividades, recibimiento de visitas.<br>Alimentos durante el d\u00eda.<br>Dichos espacios indican que despu\u00e9s de las 21:00 horas no se permite la permanencia de alojados fuera de los dormitorios.<\/p>\n\n\n\n<p>\u00bfQu\u00e9 pas\u00f3 en la Estancia Provisional de Ciudad Ju\u00e1rez?<\/p>\n\n\n\n<p>Primeras versiones de los hechos se\u00f1alan que que los migrantes retenidos en la estaci\u00f3n migratoria iniciaron el fuego como un acto de protesta por el aseguramiento de que hab\u00edan sido objeto horas antes por parte del personal del INM en diferentes cruceros y calles donde estaban vendiendo dulces o pidiendo ayuda econ\u00f3mica.<\/p>\n\n\n\n<p>El Manual de organizaci\u00f3n general del INM indica que la representaci\u00f3n de Chihuahua est\u00e1 encargada de resolver los procedimientos administrativos de conformidad con lo establecido en la Ley de Migraci\u00f3n y dem\u00e1s disposiciones jur\u00eddicas aplicables; atender y resolver las solicitudes de tr\u00e1mite migratorio relacionadas con las condiciones de estancia establecidas en la Ley de Migraci\u00f3n, en el \u00e1mbito territorial de su competencia, entre otros.<\/p>\n\n\n\n<p>\u201cEn las Estaciones Migratorias y Estancias Provisionales del Instituto Nacional de Migraci\u00f3n deber\u00e1 observarse el respeto irrestricto de los derechos humanos de las personas extranjeras, sea cual sea su origen, nacionalidad, g\u00e9nero, etnia, edad y situaci\u00f3n migratoria, con especial atenci\u00f3n a grupos vulnerables como ni\u00f1as, ni\u00f1os y adolescentes, mujeres, personas adultas mayores, personas con discapacidad, ind\u00edgenas y v\u00edctimas o testigos de delito\u201d, se\u00f1ala.<\/p>\n","protected":false},"excerpt":{"rendered":"<p>Martes,28 marzo de 2023 Primeras versiones de los hechos se\u00f1alan que que los migrantes retenidos&#8230;<\/p>\n","protected":false},"author":3,"featured_media":58334,"comment_status":"closed","ping_status":"closed","sticky":false,"template":"","format":"standard","meta":{"footnotes":""},"categories":[4],"tags":[],"class_list":["post-58333","post","type-post","status-publish","format-standard","has-post-thumbnail","hentry","category-noticias-del-dia"],"_links":{"self":[{"href":"https:\/\/bambapolitica.com.mx\/index.php\/wp-json\/wp\/v2\/posts\/58333","targetHints":{"allow":["GET"]}}],"collection":[{"href":"https:\/\/bambapolitica.com.mx\/index.php\/wp-json\/wp\/v2\/posts"}],"about":[{"href":"https:\/\/bambapolitica.com.mx\/index.php\/wp-json\/wp\/v2\/types\/post"}],"author":[{"embeddable":true,"href":"https:\/\/bambapolitica.com.mx\/index.php\/wp-json\/wp\/v2\/users\/3"}],"replies":[{"embeddable":true,"href":"https:\/\/bambapolitica.com.mx\/index.php\/wp-json\/wp\/v2\/comments?post=58333"}],"version-history":[{"count":1,"href":"https:\/\/bambapolitica.com.mx\/index.php\/wp-json\/wp\/v2\/posts\/58333\/revisions"}],"predecessor-version":[{"id":58335,"href":"https:\/\/bambapolitica.com.mx\/index.php\/wp-json\/wp\/v2\/posts\/58333\/revisions\/58335"}],"wp:featuredmedia":[{"embeddable":true,"href":"https:\/\/bambapolitica.com.mx\/index.php\/wp-json\/wp\/v2\/media\/58334"}],"wp:attachment":[{"href":"https:\/\/bambapolitica.com.mx\/index.php\/wp-json\/wp\/v2\/media?parent=58333"}],"wp:term":[{"taxonomy":"category","embeddable":true,"href":"https:\/\/bambapolitica.com.mx\/index.php\/wp-json\/wp\/v2\/categories?post=58333"},{"taxonomy":"post_tag","embeddable":true,"href":"https:\/\/bambapolitica.com.mx\/index.php\/wp-json\/wp\/v2\/tags?post=58333"}],"curies":[{"name":"wp","href":"https:\/\/api.w.org\/{rel}","templated":true}]}}