{"id":58348,"date":"2023-03-28T10:27:22","date_gmt":"2023-03-28T16:27:22","guid":{"rendered":"http:\/\/bambapolitica.com.mx\/?p=58348"},"modified":"2023-03-28T10:27:26","modified_gmt":"2023-03-28T16:27:26","slug":"papa-golpea-a-director-de-secundaria-de-edomex-por-calificaciones","status":"publish","type":"post","link":"https:\/\/bambapolitica.com.mx\/index.php\/2023\/03\/28\/papa-golpea-a-director-de-secundaria-de-edomex-por-calificaciones\/","title":{"rendered":"Pap\u00e1 golpea a director de secundaria de Edomex por calificaciones"},"content":{"rendered":"\n<p>Martes,28 marzo de 2023<\/p>\n\n\n\n<p>El padre de familia acudi\u00f3 a dicha escuela a preguntar sobre las calificaciones de su hijo\u2026 y no le gust\u00f3 lo que encontr\u00f3.<br>Por un tema de calificaciones de un estudiante, un padre de familia golpe\u00f3 al director de la escuela Secundaria Oficial N\u00b0 245 &#8220;Manuel Jos\u00e9 Oth\u00f3n&#8221;,&nbsp;ubicada en el poblado de San Francisco Tlalcilalcalpan de Almoloya de Ju\u00e1rez, Estado de M\u00e9xico, durante la tarde de este lunes.<\/p>\n\n\n\n<p>De acuerdo con informaci\u00f3n proporcionada por el ayuntamiento de esta demarcaci\u00f3n, el padre de familia acudi\u00f3 a dicha escuela a preguntar sobre las calificaciones de su hijo, pero al no parecerle la informaci\u00f3n que le proporcionaron, golpe\u00f3 al director de esta instituci\u00f3n.<\/p>\n\n\n\n<p>Tras el enfrentamiento, el padre de familia sali\u00f3 de la escuela y por las lesiones que present\u00f3 el director de la secundaria, fue necesario llamar una ambulancia de Protecci\u00f3n Civil para realizarle una revisi\u00f3n, sin embargo, no fue necesario trasladarlo a un hospital.<\/p>\n\n\n\n<p>El \u00e1rea de comunicaci\u00f3n social del Ayuntamiento de Almoloya de Ju\u00e1rez indic\u00f3 que ser\u00e1 decisi\u00f3n del director de realizar una denuncia penal en contra de su agresor.<br>Recientemente, esta escuela estuvo involucrada en un tema de violencia, ya que el pasado 21 de marzo, afuera de las instalaciones, se registr\u00f3 una pelea entre alumnas y sus respectivas tutoras, la cual fue grabada por otros estudiantes de este recinto y fue publicada en redes sociales, por lo que se hizo viral el caso.<\/p>\n\n\n\n<p>Por esos hechos, no hubo detenidos y la Comisi\u00f3n del Delito del Ayuntamiento de Almoloya de Ju\u00e1rez, acudi\u00f3 el pasado jueves 23 de marzo, para platicar con las involucradas.<\/p>\n","protected":false},"excerpt":{"rendered":"<p>Martes,28 marzo de 2023 El padre de familia acudi\u00f3 a dicha escuela a preguntar sobre&#8230;<\/p>\n","protected":false},"author":3,"featured_media":58349,"comment_status":"closed","ping_status":"closed","sticky":false,"template":"","format":"standard","meta":{"footnotes":""},"categories":[4],"tags":[],"class_list":["post-58348","post","type-post","status-publish","format-standard","has-post-thumbnail","hentry","category-noticias-del-dia"],"_links":{"self":[{"href":"https:\/\/bambapolitica.com.mx\/index.php\/wp-json\/wp\/v2\/posts\/58348","targetHints":{"allow":["GET"]}}],"collection":[{"href":"https:\/\/bambapolitica.com.mx\/index.php\/wp-json\/wp\/v2\/posts"}],"about":[{"href":"https:\/\/bambapolitica.com.mx\/index.php\/wp-json\/wp\/v2\/types\/post"}],"author":[{"embeddable":true,"href":"https:\/\/bambapolitica.com.mx\/index.php\/wp-json\/wp\/v2\/users\/3"}],"replies":[{"embeddable":true,"href":"https:\/\/bambapolitica.com.mx\/index.php\/wp-json\/wp\/v2\/comments?post=58348"}],"version-history":[{"count":1,"href":"https:\/\/bambapolitica.com.mx\/index.php\/wp-json\/wp\/v2\/posts\/58348\/revisions"}],"predecessor-version":[{"id":58350,"href":"https:\/\/bambapolitica.com.mx\/index.php\/wp-json\/wp\/v2\/posts\/58348\/revisions\/58350"}],"wp:featuredmedia":[{"embeddable":true,"href":"https:\/\/bambapolitica.com.mx\/index.php\/wp-json\/wp\/v2\/media\/58349"}],"wp:attachment":[{"href":"https:\/\/bambapolitica.com.mx\/index.php\/wp-json\/wp\/v2\/media?parent=58348"}],"wp:term":[{"taxonomy":"category","embeddable":true,"href":"https:\/\/bambapolitica.com.mx\/index.php\/wp-json\/wp\/v2\/categories?post=58348"},{"taxonomy":"post_tag","embeddable":true,"href":"https:\/\/bambapolitica.com.mx\/index.php\/wp-json\/wp\/v2\/tags?post=58348"}],"curies":[{"name":"wp","href":"https:\/\/api.w.org\/{rel}","templated":true}]}}