{"id":58353,"date":"2023-03-28T10:42:37","date_gmt":"2023-03-28T16:42:37","guid":{"rendered":"http:\/\/bambapolitica.com.mx\/?p=58353"},"modified":"2023-03-28T10:42:40","modified_gmt":"2023-03-28T16:42:40","slug":"amlo-increpa-a-ministro-laynez-por-cancelar-plan-b-electoral-su-alteza-serenisima","status":"publish","type":"post","link":"https:\/\/bambapolitica.com.mx\/index.php\/2023\/03\/28\/amlo-increpa-a-ministro-laynez-por-cancelar-plan-b-electoral-su-alteza-serenisima\/","title":{"rendered":"AMLO increpa a ministro Laynez por cancelar Plan B electoral: &#8220;su alteza seren\u00edsima&#8221;"},"content":{"rendered":"\n<p>Martes,28 marzo de 2023<\/p>\n\n\n\n<p>El mandatario minimiz\u00f3 la suspensi\u00f3n del Plan B dado que ya se tiene preparado un Plan C que asegur\u00f3 no va a fallar.<br>El presidente de M\u00e9xico, Andr\u00e9s Manuel L\u00f3pez Obrador consider\u00f3 que, con la suspensi\u00f3n del Plan B en materia electoral, lo que busca la oposici\u00f3n es que prevalezca una especie de poder supremo conservador quien ahora ve al ministro de la Corte Javier Laynez Potisek como &#8220;su alteza seren\u00edsima&#8221;.<\/p>\n\n\n\n<p>Pese a estas cr\u00edticas, el mandatario minimiz\u00f3 la suspensi\u00f3n del Plan B dado que ya se tiene preparado un Plan C que asegur\u00f3 no va a fallar.<br>&#8220;De repente un ministro que no es electo por el pueblo, ni siquiera la Suprema Corte, sino un ministro lo cancela (El plan B). Es un hecho, yo pienso in\u00e9dito, desde luego pues injusto, arbitrario. Ya pues ahora tenemos en los hechos o quieren que prevalezca, que impere en M\u00e9xico una especie de Supremo Poder Conservador y ya este ministro Laynez es como su alteza seren\u00edsima&#8221;, acus\u00f3.<br>El presidente reiter\u00f3 que este debate debe seguir su curso mientras que el gobierno seguir\u00e1 buscando mejorar las instituciones electorales.<br>&#8220;Si cancelan esta reforma electoral que se conoce como Plan B, ya di a conocer ayer que vamos con el Plan C, ese no va a ser bloqueado, ese no falla porque es convocar al pueblo, a continuar con la transformaci\u00f3n&#8221;, agreg\u00f3.<br>L\u00f3pez Obrador insisti\u00f3 que el Plan B es una propuesta muy acotada de lo que en realidad quer\u00eda cambiar su gobierno a trav\u00e9s de una reforma constitucional.<\/p>\n\n\n\n<p>Y por eso solo estaba limitada a evitar el exceso en el gasto p\u00fablico del INE, reducir el costo de organizar elecciones y evitar que los altos funcionarios del organismo tengan salarios m\u00e1s elevados que los del presidente &#8220;se quer\u00eda hacer una reforma constitucional en materia electoral pero no fue posible&#8221;.<br>Y es que el fin de semana, el ministro Laynez admiti\u00f3 a tr\u00e1mite la impugnaci\u00f3n del Instituto Nacional Electoral (INE) en contra del segundo paquete del Plan B electoral, adem\u00e1s de que fren\u00f3 su aplicaci\u00f3n por tiempo indefinido al conceder la suspensi\u00f3n solicitada por el organismo aut\u00f3nomo.<br>El ministro concedi\u00f3 la suspensi\u00f3n solicitada por el INE respecto de todos los art\u00edculos modificados de la Ley General de Instituciones y Procedimientos Electorales, as\u00ed como de la Ley General de Partidos Pol\u00edticos y de la Ley Org\u00e1nica del Poder Judicial de la Federaci\u00f3n.<\/p>\n","protected":false},"excerpt":{"rendered":"<p>Martes,28 marzo de 2023 El mandatario minimiz\u00f3 la suspensi\u00f3n del Plan B dado que ya&#8230;<\/p>\n","protected":false},"author":3,"featured_media":58354,"comment_status":"closed","ping_status":"closed","sticky":false,"template":"","format":"standard","meta":{"footnotes":""},"categories":[4],"tags":[],"class_list":["post-58353","post","type-post","status-publish","format-standard","has-post-thumbnail","hentry","category-noticias-del-dia"],"_links":{"self":[{"href":"https:\/\/bambapolitica.com.mx\/index.php\/wp-json\/wp\/v2\/posts\/58353","targetHints":{"allow":["GET"]}}],"collection":[{"href":"https:\/\/bambapolitica.com.mx\/index.php\/wp-json\/wp\/v2\/posts"}],"about":[{"href":"https:\/\/bambapolitica.com.mx\/index.php\/wp-json\/wp\/v2\/types\/post"}],"author":[{"embeddable":true,"href":"https:\/\/bambapolitica.com.mx\/index.php\/wp-json\/wp\/v2\/users\/3"}],"replies":[{"embeddable":true,"href":"https:\/\/bambapolitica.com.mx\/index.php\/wp-json\/wp\/v2\/comments?post=58353"}],"version-history":[{"count":1,"href":"https:\/\/bambapolitica.com.mx\/index.php\/wp-json\/wp\/v2\/posts\/58353\/revisions"}],"predecessor-version":[{"id":58355,"href":"https:\/\/bambapolitica.com.mx\/index.php\/wp-json\/wp\/v2\/posts\/58353\/revisions\/58355"}],"wp:featuredmedia":[{"embeddable":true,"href":"https:\/\/bambapolitica.com.mx\/index.php\/wp-json\/wp\/v2\/media\/58354"}],"wp:attachment":[{"href":"https:\/\/bambapolitica.com.mx\/index.php\/wp-json\/wp\/v2\/media?parent=58353"}],"wp:term":[{"taxonomy":"category","embeddable":true,"href":"https:\/\/bambapolitica.com.mx\/index.php\/wp-json\/wp\/v2\/categories?post=58353"},{"taxonomy":"post_tag","embeddable":true,"href":"https:\/\/bambapolitica.com.mx\/index.php\/wp-json\/wp\/v2\/tags?post=58353"}],"curies":[{"name":"wp","href":"https:\/\/api.w.org\/{rel}","templated":true}]}}