{"id":58356,"date":"2023-03-28T10:47:43","date_gmt":"2023-03-28T16:47:43","guid":{"rendered":"http:\/\/bambapolitica.com.mx\/?p=58356"},"modified":"2023-03-28T10:47:46","modified_gmt":"2023-03-28T16:47:46","slug":"dictan-21-anos-de-prision-a-hombre-que-violo-a-su-hijastra-de-9-anos-en-toluca","status":"publish","type":"post","link":"https:\/\/bambapolitica.com.mx\/index.php\/2023\/03\/28\/dictan-21-anos-de-prision-a-hombre-que-violo-a-su-hijastra-de-9-anos-en-toluca\/","title":{"rendered":"Dictan 21 a\u00f1os de prisi\u00f3n a hombre que viol\u00f3 a su hijastra de 9 a\u00f1os en Toluca"},"content":{"rendered":"\n<p>Martes,28 marzo de 2023<\/p>\n\n\n\n<p>Seg\u00fan la indagatoria, este individuo se encontraba con la menor al interior del inmueble, donde la someti\u00f3 y atac\u00f3 sexualmente.<br>La autoridad judicial dict\u00f3 una sentencia de 21 a\u00f1os de prisi\u00f3n en contra de Jes\u00fas Nava Nava, debido a que&nbsp;fue hallado culpable de haber violado a una ni\u00f1a de 9 a\u00f1os en el municipio de Toluca,&nbsp;cuya v\u00edctima era su hijastra.<\/p>\n\n\n\n<p>De acuerdo con la Fiscal\u00eda General de Justicia del Estado de M\u00e9xico (FGJEM), Instituci\u00f3n que se encarg\u00f3 de llevar a cabo las investigaciones, los hechos ocurrieron en abril de 2017, en un domicilio de la comunidad de Santa Cruz Otzacatipan, cuando la v\u00edctima ten\u00eda 9 a\u00f1os.<\/p>\n\n\n\n<p>Seg\u00fan la indagatoria, este individuo se encontraba con la menor al interior del inmueble, donde la someti\u00f3 y atac\u00f3 sexualmente.<br>La v\u00edctima cont\u00f3 lo ocurrido a sus familiares, los cuales denunciaron ante la Fiscal\u00eda Central de Delitos Vinculados a la Violencia de G\u00e9nero, por lo que se inici\u00f3 el proceso de investigaci\u00f3n.<\/p>\n\n\n\n<p>Con las pruebas suficientes, la FGJEM cumpliment\u00f3 una orden de aprehensi\u00f3n contra el padrastro, quien fue ingresado al Centro Penitenciario y de Reinserci\u00f3n Social de Santiaguito, en Almoloya de Ju\u00e1rez.<br>A casi seis a\u00f1os de la agresi\u00f3n, la autoridad judicial determin\u00f3 dictar sentencia de 21 a\u00f1os de prisi\u00f3n; adem\u00e1s fij\u00f3 una multa de 86 mil 964 pesos, as\u00ed como 100 mil 624 c\u00f3mo reparaci\u00f3n del da\u00f1o moral y 138 mil 877 c\u00f3mo reparaci\u00f3n de da\u00f1o material.<\/p>\n","protected":false},"excerpt":{"rendered":"<p>Martes,28 marzo de 2023 Seg\u00fan la indagatoria, este individuo se encontraba con la menor al&#8230;<\/p>\n","protected":false},"author":3,"featured_media":58357,"comment_status":"closed","ping_status":"closed","sticky":false,"template":"","format":"standard","meta":{"footnotes":""},"categories":[2],"tags":[],"class_list":["post-58356","post","type-post","status-publish","format-standard","has-post-thumbnail","hentry","category-policiaca"],"_links":{"self":[{"href":"https:\/\/bambapolitica.com.mx\/index.php\/wp-json\/wp\/v2\/posts\/58356","targetHints":{"allow":["GET"]}}],"collection":[{"href":"https:\/\/bambapolitica.com.mx\/index.php\/wp-json\/wp\/v2\/posts"}],"about":[{"href":"https:\/\/bambapolitica.com.mx\/index.php\/wp-json\/wp\/v2\/types\/post"}],"author":[{"embeddable":true,"href":"https:\/\/bambapolitica.com.mx\/index.php\/wp-json\/wp\/v2\/users\/3"}],"replies":[{"embeddable":true,"href":"https:\/\/bambapolitica.com.mx\/index.php\/wp-json\/wp\/v2\/comments?post=58356"}],"version-history":[{"count":1,"href":"https:\/\/bambapolitica.com.mx\/index.php\/wp-json\/wp\/v2\/posts\/58356\/revisions"}],"predecessor-version":[{"id":58358,"href":"https:\/\/bambapolitica.com.mx\/index.php\/wp-json\/wp\/v2\/posts\/58356\/revisions\/58358"}],"wp:featuredmedia":[{"embeddable":true,"href":"https:\/\/bambapolitica.com.mx\/index.php\/wp-json\/wp\/v2\/media\/58357"}],"wp:attachment":[{"href":"https:\/\/bambapolitica.com.mx\/index.php\/wp-json\/wp\/v2\/media?parent=58356"}],"wp:term":[{"taxonomy":"category","embeddable":true,"href":"https:\/\/bambapolitica.com.mx\/index.php\/wp-json\/wp\/v2\/categories?post=58356"},{"taxonomy":"post_tag","embeddable":true,"href":"https:\/\/bambapolitica.com.mx\/index.php\/wp-json\/wp\/v2\/tags?post=58356"}],"curies":[{"name":"wp","href":"https:\/\/api.w.org\/{rel}","templated":true}]}}