{"id":58359,"date":"2023-03-28T11:04:57","date_gmt":"2023-03-28T17:04:57","guid":{"rendered":"http:\/\/bambapolitica.com.mx\/?p=58359"},"modified":"2023-03-28T11:05:00","modified_gmt":"2023-03-28T17:05:00","slug":"determinaran-vinculacion-a-proceso-de-los-policias-de-tlajomulco-detenidos-por-abuso-de-autoridad","status":"publish","type":"post","link":"https:\/\/bambapolitica.com.mx\/index.php\/2023\/03\/28\/determinaran-vinculacion-a-proceso-de-los-policias-de-tlajomulco-detenidos-por-abuso-de-autoridad\/","title":{"rendered":"Determinar\u00e1n vinculaci\u00f3n a proceso de los polic\u00edas de Tlajomulco detenidos por abuso de autoridad"},"content":{"rendered":"\n<p>Martes,28 marzo de 2023<\/p>\n\n\n\n<p>Ser\u00e1 el pr\u00f3ximo lunes cuando el Juez de Control determine si los vincula o no a proceso penal por dicho delito.<br>Juan Gabriel M, Salvador G, C\u00e9sar Abraham R e Israel P, polic\u00edas de Tlajomulco de Z\u00fa\u00f1iga detuvieron a una persona y tardaron en remitirla al Ministerio P\u00fablico, por lo cual fueron detenidos el pasado 22 de marzo en cumplimiento con una orden de aprehensi\u00f3n por su probable responsabilidad en el delito de abuso de autoridad, inform\u00f3 el coordinador del Gabinete de Seguridad, Ricardo S\u00e1nchez Beruben.<br>Ser\u00e1 el pr\u00f3ximo lunes cuando el Juez de Control determine si los vincula o no a proceso penal por dicho delito.<\/p>\n\n\n\n<p>\u201cEl caso por el que est\u00e1n detenidos es por un abuso de autoridad, donde parece que hacen una detenci\u00f3n, ponen a disposici\u00f3n de la Fiscal\u00eda General de la Rep\u00fablica y parece que cometen algunos errores como lo marca en propio tipo penal de abuso de autoridad. Donde el detenido no es puesto a disposici\u00f3n de manera inmediata\u201d, dijo Ricardo S\u00e1nchez Beruben, coordinador del gabinete de seguridad.<\/p>\n","protected":false},"excerpt":{"rendered":"<p>Martes,28 marzo de 2023 Ser\u00e1 el pr\u00f3ximo lunes cuando el Juez de Control determine si&#8230;<\/p>\n","protected":false},"author":3,"featured_media":58298,"comment_status":"closed","ping_status":"closed","sticky":false,"template":"","format":"standard","meta":{"footnotes":""},"categories":[2],"tags":[],"class_list":["post-58359","post","type-post","status-publish","format-standard","has-post-thumbnail","hentry","category-policiaca"],"_links":{"self":[{"href":"https:\/\/bambapolitica.com.mx\/index.php\/wp-json\/wp\/v2\/posts\/58359","targetHints":{"allow":["GET"]}}],"collection":[{"href":"https:\/\/bambapolitica.com.mx\/index.php\/wp-json\/wp\/v2\/posts"}],"about":[{"href":"https:\/\/bambapolitica.com.mx\/index.php\/wp-json\/wp\/v2\/types\/post"}],"author":[{"embeddable":true,"href":"https:\/\/bambapolitica.com.mx\/index.php\/wp-json\/wp\/v2\/users\/3"}],"replies":[{"embeddable":true,"href":"https:\/\/bambapolitica.com.mx\/index.php\/wp-json\/wp\/v2\/comments?post=58359"}],"version-history":[{"count":1,"href":"https:\/\/bambapolitica.com.mx\/index.php\/wp-json\/wp\/v2\/posts\/58359\/revisions"}],"predecessor-version":[{"id":58360,"href":"https:\/\/bambapolitica.com.mx\/index.php\/wp-json\/wp\/v2\/posts\/58359\/revisions\/58360"}],"wp:featuredmedia":[{"embeddable":true,"href":"https:\/\/bambapolitica.com.mx\/index.php\/wp-json\/wp\/v2\/media\/58298"}],"wp:attachment":[{"href":"https:\/\/bambapolitica.com.mx\/index.php\/wp-json\/wp\/v2\/media?parent=58359"}],"wp:term":[{"taxonomy":"category","embeddable":true,"href":"https:\/\/bambapolitica.com.mx\/index.php\/wp-json\/wp\/v2\/categories?post=58359"},{"taxonomy":"post_tag","embeddable":true,"href":"https:\/\/bambapolitica.com.mx\/index.php\/wp-json\/wp\/v2\/tags?post=58359"}],"curies":[{"name":"wp","href":"https:\/\/api.w.org\/{rel}","templated":true}]}}