{"id":58368,"date":"2023-03-28T12:12:33","date_gmt":"2023-03-28T18:12:33","guid":{"rendered":"http:\/\/bambapolitica.com.mx\/?p=58368"},"modified":"2023-03-29T11:26:21","modified_gmt":"2023-03-29T17:26:21","slug":"presidente-de-cuba-califica-resultado-de-elecciones-como-una-victoria","status":"publish","type":"post","link":"https:\/\/bambapolitica.com.mx\/index.php\/2023\/03\/28\/presidente-de-cuba-califica-resultado-de-elecciones-como-una-victoria\/","title":{"rendered":"Presidente de Cuba califica resultado de elecciones como \u201cuna victoria\u201d"},"content":{"rendered":"\n<p>Miercoles,29 marzo 2023<\/p>\n\n\n\n<p>Miguel D\u00edaz-Canel, presidente de Cuba, detall\u00f3 que la participaci\u00f3n en las elecciones parlamentarias fue un \u201cjonr\u00f3n limpio\u201d<br>El presidente de Cuba, Miguel D\u00edaz-Canel, calific\u00f3 los resultados de las elecciones parlamentarias del domingo como \u201cuna victoria revolucionaria\u201c.<\/p>\n\n\n\n<p>A trav\u00e9s de su cuenta de Twitter, el mandatario insular valor\u00f3 la participaci\u00f3n en los comicios -75.92 por ciento, casi diez puntos menos que en 2018- como un \u201cjonr\u00f3n limpio\u201d a pesar \u201cde la feroz campa\u00f1a y los llamados al abstencionismo\u201d de la disidencia.<br>Pese a que se trata de un porcentaje muy alto en cualquier otro pa\u00eds del hemisferio occidental, la cifra se aleja considerablemente de la media hist\u00f3rica antes de 2018, por encima del 90 por ciento.<\/p>\n\n\n\n<p>Sin embargo, fue mayor que en las dos citas con las urnas previas: el referendo del C\u00f3digo de las Familias de septiembre y las municipales de noviembre.<br>De acuerdo con los datos preliminares del Consejo Electoral Nacional (CEN), los 470 candidatos -para 470 asientos, en su inmensa mayor\u00eda militantes del Partido Comunista o de organizaciones afines- lograron superar el umbral del 50 por ciento de los votos, por lo que resultaron electos.<\/p>\n\n\n\n<p>\u201cEste domingo fue un d\u00eda de fiesta, de alegr\u00eda, de confirmaci\u00f3n, de convicciones\u201d, a\u00f1adi\u00f3 D\u00edaz-Canel.<br>Tras la jornada del domingo, tres ONG de observaci\u00f3n electoral independiente -en Cuba no hubo observadores internacionales- calificaron los comicios como los \u201cm\u00e1s irregulares\u201d en el pa\u00eds desde 1976 y consideraron que no se atendi\u00f3 a la \u201cvoluntad\u201d del electorado.<\/p>\n","protected":false},"excerpt":{"rendered":"<p>Miercoles,29 marzo 2023 Miguel D\u00edaz-Canel, presidente de Cuba, detall\u00f3 que la participaci\u00f3n en las elecciones&#8230;<\/p>\n","protected":false},"author":3,"featured_media":58369,"comment_status":"closed","ping_status":"closed","sticky":false,"template":"","format":"standard","meta":{"footnotes":""},"categories":[5],"tags":[],"class_list":["post-58368","post","type-post","status-publish","format-standard","has-post-thumbnail","hentry","category-internacional"],"_links":{"self":[{"href":"https:\/\/bambapolitica.com.mx\/index.php\/wp-json\/wp\/v2\/posts\/58368","targetHints":{"allow":["GET"]}}],"collection":[{"href":"https:\/\/bambapolitica.com.mx\/index.php\/wp-json\/wp\/v2\/posts"}],"about":[{"href":"https:\/\/bambapolitica.com.mx\/index.php\/wp-json\/wp\/v2\/types\/post"}],"author":[{"embeddable":true,"href":"https:\/\/bambapolitica.com.mx\/index.php\/wp-json\/wp\/v2\/users\/3"}],"replies":[{"embeddable":true,"href":"https:\/\/bambapolitica.com.mx\/index.php\/wp-json\/wp\/v2\/comments?post=58368"}],"version-history":[{"count":2,"href":"https:\/\/bambapolitica.com.mx\/index.php\/wp-json\/wp\/v2\/posts\/58368\/revisions"}],"predecessor-version":[{"id":58426,"href":"https:\/\/bambapolitica.com.mx\/index.php\/wp-json\/wp\/v2\/posts\/58368\/revisions\/58426"}],"wp:featuredmedia":[{"embeddable":true,"href":"https:\/\/bambapolitica.com.mx\/index.php\/wp-json\/wp\/v2\/media\/58369"}],"wp:attachment":[{"href":"https:\/\/bambapolitica.com.mx\/index.php\/wp-json\/wp\/v2\/media?parent=58368"}],"wp:term":[{"taxonomy":"category","embeddable":true,"href":"https:\/\/bambapolitica.com.mx\/index.php\/wp-json\/wp\/v2\/categories?post=58368"},{"taxonomy":"post_tag","embeddable":true,"href":"https:\/\/bambapolitica.com.mx\/index.php\/wp-json\/wp\/v2\/tags?post=58368"}],"curies":[{"name":"wp","href":"https:\/\/api.w.org\/{rel}","templated":true}]}}