{"id":58371,"date":"2023-03-29T09:07:51","date_gmt":"2023-03-29T15:07:51","guid":{"rendered":"http:\/\/bambapolitica.com.mx\/?p=58371"},"modified":"2023-03-29T09:08:06","modified_gmt":"2023-03-29T15:08:06","slug":"accion-nacional-demanda-renuncia-inmediata-de-ebrard-lopez-y-garduno-por-el-evidente-crimen-de-estado-en-ciudad-juarez","status":"publish","type":"post","link":"https:\/\/bambapolitica.com.mx\/index.php\/2023\/03\/29\/accion-nacional-demanda-renuncia-inmediata-de-ebrard-lopez-y-garduno-por-el-evidente-crimen-de-estado-en-ciudad-juarez\/","title":{"rendered":"Acci\u00f3n Nacional demanda renuncia inmediata de Ebrard, L\u00f3pez y Gardu\u00f1o por el evidente crimen de Estado en Ciudad Ju\u00e1rez"},"content":{"rendered":"\n<p>Miercoles,29 marzo 2023<\/p>\n\n\n\n<p>Ante los videos que demuestran, sin lugar a dudas, un crimen de Estado en el centro de detenci\u00f3n para migrantes del Instituto Nacional de Migraci\u00f3n (INM) en Ciudad Ju\u00e1rez, Acci\u00f3n Nacional demanda la renuncia inmediata de Marcelo Ebrard, secretario de Relaciones Exteriores; de Ad\u00e1n Augusto L\u00f3pez, secretario de Gobernaci\u00f3n, y del comisionado del INM, Francisco Gardu\u00f1o Y\u00e1\u00f1ez.<\/p>\n\n\n\n<p>Acci\u00f3n Nacional, indic\u00f3 el presidente de ese partido, Marko Cort\u00e9s Mendoza, expresa sus condolencias con las familias de los 39 migrantes muertos en las instalaciones del INM y se\u00f1ala que la ra\u00edz de esta tragedia se encuentra en los bandazos de la pol\u00edtica migratoria del gobierno.<br>En contra de la ley de la administraci\u00f3n p\u00fablica, por capricho del presidente, desde septiembre del 2019 la pol\u00edtica migratoria del pa\u00eds est\u00e1 en manos de Marcelo Ebrard, quien adem\u00e1s ha sido encargado de comprar medicinas y vacunas. Es evidente que descuid\u00f3 sus tareas en migraci\u00f3n y debe renunciar porque lo alcanza la responsabilidad pol\u00edtica de la tragedia de Ciudad Ju\u00e1rez.<\/p>\n\n\n\n<p>Tambi\u00e9n debe renunciar el secretario de Gobernaci\u00f3n, Ad\u00e1n Augusto L\u00f3pez, porque legalmente la pol\u00edtica migratoria y el Instituto Nacional de Migraci\u00f3n est\u00e1n bajo su responsabilidad. Al hacerse a un lado, es \u201cc\u00f3mplice por omisi\u00f3n\u201d del acto criminal que dej\u00f3 encerrados a los migrantes a pesar del incendio.<\/p>\n\n\n\n<p>Asimismo, debe renunciar de forma inmediata el comisionado del INM, Francisco Gardu\u00f1o Y\u00e1\u00f1ez, para facilitar la investigaci\u00f3n. \u00c9l es responsable directo de los rezagos, la austeridad y el deterioro en las prisiones del INM.<\/p>\n\n\n\n<p>Acci\u00f3n Nacional exhorta a la Comisi\u00f3n Nacional de Derechos Humanos a dejar el silencio en torno a la saturaci\u00f3n de los centros de detenci\u00f3n del Instituto Nacional de Migraci\u00f3n.<\/p>\n","protected":false},"excerpt":{"rendered":"<p>Miercoles,29 marzo 2023 Ante los videos que demuestran, sin lugar a dudas, un crimen de&#8230;<\/p>\n","protected":false},"author":3,"featured_media":58372,"comment_status":"closed","ping_status":"closed","sticky":false,"template":"","format":"standard","meta":{"footnotes":""},"categories":[4],"tags":[],"class_list":["post-58371","post","type-post","status-publish","format-standard","has-post-thumbnail","hentry","category-noticias-del-dia"],"_links":{"self":[{"href":"https:\/\/bambapolitica.com.mx\/index.php\/wp-json\/wp\/v2\/posts\/58371","targetHints":{"allow":["GET"]}}],"collection":[{"href":"https:\/\/bambapolitica.com.mx\/index.php\/wp-json\/wp\/v2\/posts"}],"about":[{"href":"https:\/\/bambapolitica.com.mx\/index.php\/wp-json\/wp\/v2\/types\/post"}],"author":[{"embeddable":true,"href":"https:\/\/bambapolitica.com.mx\/index.php\/wp-json\/wp\/v2\/users\/3"}],"replies":[{"embeddable":true,"href":"https:\/\/bambapolitica.com.mx\/index.php\/wp-json\/wp\/v2\/comments?post=58371"}],"version-history":[{"count":1,"href":"https:\/\/bambapolitica.com.mx\/index.php\/wp-json\/wp\/v2\/posts\/58371\/revisions"}],"predecessor-version":[{"id":58373,"href":"https:\/\/bambapolitica.com.mx\/index.php\/wp-json\/wp\/v2\/posts\/58371\/revisions\/58373"}],"wp:featuredmedia":[{"embeddable":true,"href":"https:\/\/bambapolitica.com.mx\/index.php\/wp-json\/wp\/v2\/media\/58372"}],"wp:attachment":[{"href":"https:\/\/bambapolitica.com.mx\/index.php\/wp-json\/wp\/v2\/media?parent=58371"}],"wp:term":[{"taxonomy":"category","embeddable":true,"href":"https:\/\/bambapolitica.com.mx\/index.php\/wp-json\/wp\/v2\/categories?post=58371"},{"taxonomy":"post_tag","embeddable":true,"href":"https:\/\/bambapolitica.com.mx\/index.php\/wp-json\/wp\/v2\/tags?post=58371"}],"curies":[{"name":"wp","href":"https:\/\/api.w.org\/{rel}","templated":true}]}}