{"id":58381,"date":"2023-03-29T09:22:29","date_gmt":"2023-03-29T15:22:29","guid":{"rendered":"http:\/\/bambapolitica.com.mx\/?p=58381"},"modified":"2023-03-29T09:22:38","modified_gmt":"2023-03-29T15:22:38","slug":"reportan-fuerte-granizada-en-municipios-del-edomex","status":"publish","type":"post","link":"https:\/\/bambapolitica.com.mx\/index.php\/2023\/03\/29\/reportan-fuerte-granizada-en-municipios-del-edomex\/","title":{"rendered":"Reportan Fuerte Granizada en Municipios del Edomex"},"content":{"rendered":"\n<p>Miercoles,29 marzo 2023<\/p>\n\n\n\n<p>En algunos municipios como Ecatepec y Tec\u00e1mac el di\u00e1metro del granizo era de hasta cinco cent\u00edmetros<br>Una fuerte granizada cay\u00f3 este martes en varios municipios del Estado de M\u00e9xico, lo que dej\u00f3 algunas afectaciones como un techo ca\u00eddo y cristales rotos.<\/p>\n\n\n\n<p>La tormenta afect\u00f3 a los municipios de Ecatepec, Coacalco, Tultitl\u00e1n, Acolman, Teotihuac\u00e1n, Atlacomulco, Cuautitl\u00e1n y Tec\u00e1mac, en donde las calles y vialidades se cubrieron de granizo.<\/p>\n\n\n\n<p>En algunas zonas como Ecatepec y Tec\u00e1mac, el di\u00e1metro del granizo era de hasta cinco cent\u00edmetros.<\/p>\n\n\n\n<p>En Tultitl\u00e1n se report\u00f3 la ca\u00edda de un techo en una escuela ubicada en Jardines del Tultitl\u00e1n, as\u00ed como algunos cristales rotos en domicilios.<br>En la autopista Chamapa-Lecher\u00eda la intensa ca\u00edda de granizo afect\u00f3 la circulaci\u00f3n de los veh\u00edculos.<\/p>\n","protected":false},"excerpt":{"rendered":"<p>Miercoles,29 marzo 2023 En algunos municipios como Ecatepec y Tec\u00e1mac el di\u00e1metro del granizo era&#8230;<\/p>\n","protected":false},"author":3,"featured_media":58382,"comment_status":"closed","ping_status":"closed","sticky":false,"template":"","format":"standard","meta":{"footnotes":""},"categories":[4],"tags":[],"class_list":["post-58381","post","type-post","status-publish","format-standard","has-post-thumbnail","hentry","category-noticias-del-dia"],"_links":{"self":[{"href":"https:\/\/bambapolitica.com.mx\/index.php\/wp-json\/wp\/v2\/posts\/58381","targetHints":{"allow":["GET"]}}],"collection":[{"href":"https:\/\/bambapolitica.com.mx\/index.php\/wp-json\/wp\/v2\/posts"}],"about":[{"href":"https:\/\/bambapolitica.com.mx\/index.php\/wp-json\/wp\/v2\/types\/post"}],"author":[{"embeddable":true,"href":"https:\/\/bambapolitica.com.mx\/index.php\/wp-json\/wp\/v2\/users\/3"}],"replies":[{"embeddable":true,"href":"https:\/\/bambapolitica.com.mx\/index.php\/wp-json\/wp\/v2\/comments?post=58381"}],"version-history":[{"count":1,"href":"https:\/\/bambapolitica.com.mx\/index.php\/wp-json\/wp\/v2\/posts\/58381\/revisions"}],"predecessor-version":[{"id":58383,"href":"https:\/\/bambapolitica.com.mx\/index.php\/wp-json\/wp\/v2\/posts\/58381\/revisions\/58383"}],"wp:featuredmedia":[{"embeddable":true,"href":"https:\/\/bambapolitica.com.mx\/index.php\/wp-json\/wp\/v2\/media\/58382"}],"wp:attachment":[{"href":"https:\/\/bambapolitica.com.mx\/index.php\/wp-json\/wp\/v2\/media?parent=58381"}],"wp:term":[{"taxonomy":"category","embeddable":true,"href":"https:\/\/bambapolitica.com.mx\/index.php\/wp-json\/wp\/v2\/categories?post=58381"},{"taxonomy":"post_tag","embeddable":true,"href":"https:\/\/bambapolitica.com.mx\/index.php\/wp-json\/wp\/v2\/tags?post=58381"}],"curies":[{"name":"wp","href":"https:\/\/api.w.org\/{rel}","templated":true}]}}