{"id":58384,"date":"2023-03-29T09:31:48","date_gmt":"2023-03-29T15:31:48","guid":{"rendered":"http:\/\/bambapolitica.com.mx\/?p=58384"},"modified":"2023-03-29T09:32:00","modified_gmt":"2023-03-29T15:32:00","slug":"suspenden-multas-en-edomex-para-quienes-no-verifiquen","status":"publish","type":"post","link":"https:\/\/bambapolitica.com.mx\/index.php\/2023\/03\/29\/suspenden-multas-en-edomex-para-quienes-no-verifiquen\/","title":{"rendered":"Suspenden Multas en Edomex Para Quienes No Verifiquen"},"content":{"rendered":"\n<p>Miercoles,29 marzo 2023<\/p>\n\n\n\n<p>Receso en multas de patrullas ecol\u00f3gicas para quienes circulen sin holograma de verificacion vigente<br>La Secretar\u00eda del Medio Ambiente dio a conocer que, por el momento, no se aplicar\u00e1n sanciones econ\u00f3micas para quienes no hayan verificado su auto.<\/p>\n\n\n\n<p>Y es que, anteriormente, los propietarios de veh\u00edculos emplacados en el Edomex se hac\u00edan acreedores a una multa o sanci\u00f3n econ\u00f3mica, incluso mayor al costo del tr\u00e1mite en caso de que les hiciera falta la verificaci\u00f3n.<\/p>\n\n\n\n<p>Aunque no hay que confundirnos, el tr\u00e1mite de verificaci\u00f3n vehicular sigue siendo de car\u00e1cter obligatorio para todos los usuarios de motocicletas y autom\u00f3viles en el Estado de M\u00e9xico, solo que por el momento, se har\u00e1 un receso para las multas expedidas por las unidades de patrullas ecol\u00f3gicas de la entidad.<\/p>\n\n\n\n<p>La Secretar\u00eda del Medio Ambiente del Estado de M\u00e9xico inform\u00f3 que pese a que las patrullas ecol\u00f3gicas seguir\u00e1n brindando servicio y programando sus recorridos por distintas \u00e1reas de la Zona Metropolitana y el Valle de Toluca, ya no estar\u00e1n autorizadas para multar a los automovilistas que circulen sin holograma de verificaci\u00f3n vigente.<br>La medida solo ser\u00e1 temporal, por lo que es recomendable dar seguimiento a los tr\u00e1mites vehiculares, ya que es importante que todos los veh\u00edculos de combusti\u00f3n interna matriculados en el Edomex asistan al tr\u00e1mite de verificaci\u00f3n, para mantener un registro controlado de la emisi\u00f3n de contaminantes.<\/p>\n\n\n\n<p>El Secretario del Medio Ambiente, Jorge Rescala, hizo un llamado a la poblaci\u00f3n a fin de que, dijo, sean conscientes respecto a la contaminaci\u00f3n atmosf\u00e9rica, y acudan a verificar sus autos, ya que pese a haberse establecido un receso en las multas emitidas por las patrullas ecol\u00f3gicas, record\u00f3 que las sanciones por no realizar este tr\u00e1mite contin\u00faan vigentes, por lo que, cuando quieras hacer el proceso, tendr\u00e1s que pagar un costo de $2,075 pesos por verificaci\u00f3n extempor\u00e1nea.<\/p>\n","protected":false},"excerpt":{"rendered":"<p>Miercoles,29 marzo 2023 Receso en multas de patrullas ecol\u00f3gicas para quienes circulen sin holograma de&#8230;<\/p>\n","protected":false},"author":3,"featured_media":58385,"comment_status":"closed","ping_status":"closed","sticky":false,"template":"","format":"standard","meta":{"footnotes":""},"categories":[4],"tags":[],"class_list":["post-58384","post","type-post","status-publish","format-standard","has-post-thumbnail","hentry","category-noticias-del-dia"],"_links":{"self":[{"href":"https:\/\/bambapolitica.com.mx\/index.php\/wp-json\/wp\/v2\/posts\/58384","targetHints":{"allow":["GET"]}}],"collection":[{"href":"https:\/\/bambapolitica.com.mx\/index.php\/wp-json\/wp\/v2\/posts"}],"about":[{"href":"https:\/\/bambapolitica.com.mx\/index.php\/wp-json\/wp\/v2\/types\/post"}],"author":[{"embeddable":true,"href":"https:\/\/bambapolitica.com.mx\/index.php\/wp-json\/wp\/v2\/users\/3"}],"replies":[{"embeddable":true,"href":"https:\/\/bambapolitica.com.mx\/index.php\/wp-json\/wp\/v2\/comments?post=58384"}],"version-history":[{"count":1,"href":"https:\/\/bambapolitica.com.mx\/index.php\/wp-json\/wp\/v2\/posts\/58384\/revisions"}],"predecessor-version":[{"id":58386,"href":"https:\/\/bambapolitica.com.mx\/index.php\/wp-json\/wp\/v2\/posts\/58384\/revisions\/58386"}],"wp:featuredmedia":[{"embeddable":true,"href":"https:\/\/bambapolitica.com.mx\/index.php\/wp-json\/wp\/v2\/media\/58385"}],"wp:attachment":[{"href":"https:\/\/bambapolitica.com.mx\/index.php\/wp-json\/wp\/v2\/media?parent=58384"}],"wp:term":[{"taxonomy":"category","embeddable":true,"href":"https:\/\/bambapolitica.com.mx\/index.php\/wp-json\/wp\/v2\/categories?post=58384"},{"taxonomy":"post_tag","embeddable":true,"href":"https:\/\/bambapolitica.com.mx\/index.php\/wp-json\/wp\/v2\/tags?post=58384"}],"curies":[{"name":"wp","href":"https:\/\/api.w.org\/{rel}","templated":true}]}}