{"id":58399,"date":"2023-03-29T10:05:11","date_gmt":"2023-03-29T16:05:11","guid":{"rendered":"http:\/\/bambapolitica.com.mx\/?p=58399"},"modified":"2023-03-29T10:05:18","modified_gmt":"2023-03-29T16:05:18","slug":"ieem-organizara-dos-debates-en-abril-y-mayo-entre-aspirantes-a-la-gubernatura-del-edomex","status":"publish","type":"post","link":"https:\/\/bambapolitica.com.mx\/index.php\/2023\/03\/29\/ieem-organizara-dos-debates-en-abril-y-mayo-entre-aspirantes-a-la-gubernatura-del-edomex\/","title":{"rendered":"IEEM organizar\u00e1 dos debates en abril y mayo entre aspirantes a la gubernatura del Edomex"},"content":{"rendered":"\n<p>Miercoles,29 marzo 2023<\/p>\n\n\n\n<p>La Administraci\u00f3n Administrativa asegur\u00f3 que no hay dinero para m\u00e1s de dos debates.<br>El Consejo General del Instituto Electoral del Estado de M\u00e9xico (IEEM) acord\u00f3 atender la obligaci\u00f3n de realizar dos debates entre las candidatas al gobierno mexiquense que les mandata la ley, sin que esto sea obst\u00e1culo para poder llevar a cabo m\u00e1s encuentros si se ponen de acuerdo y lo solicitan dentro de los plazos correspondientes.<\/p>\n\n\n\n<p>Por ello, pidi\u00f3 a los partidos interesados que informen formalmente al Comit\u00e9 especial, que se instalar\u00e1 cinco d\u00edas despu\u00e9s del arranque de campa\u00f1a, para que tengan oportunidad de analizar si existen las condiciones t\u00e9cnicas materiales y financieras y, en caso de ser factible, proponer al consejo general su realizaci\u00f3n.<\/p>\n\n\n\n<p>Con dos debates, consideraron, se genera un equilibrio entre el derecho de la ciudadan\u00eda a recibir informaci\u00f3n para que emita su voto libre, informado y razonado, en armon\u00eda con los espacios para que los partidos pol\u00edticos, coaliciones y las candidaturas lleven a cabo sus actos y estrategias de campa\u00f1a.<br>Durante la campa\u00f1a, consideraron, se realiza una serie de actividades por parte de los partidos pol\u00edticos coaliciones y candidaturas, para la obtenci\u00f3n del voto como reuniones p\u00fablicas, asambleas, marchas, entre otras din\u00e1micas para promover sus propuestas.<br>El Consejo General del IEEM dio a conocer que el d\u00eda 13 de marzo recibi\u00f3 oficios de los partidos Revolucionario Institucional, Acci\u00f3n Nacional y Nueva Alianza en los cuales pidi\u00f3 la realizaci\u00f3n de cinco debates durante este proceso electoral en curso.<\/p>\n\n\n\n<p>Por esa raz\u00f3n el Instituto solicit\u00f3 opiniones t\u00e9cnicas de diversas \u00e1reas del \u00f3rgano, entre ellas a la direcci\u00f3n de Partidos Pol\u00edticos, quien advirti\u00f3 que no existe prohibici\u00f3n alguna para realizar m\u00e1s debates adicionales a las dos establecidos en la ley como obligatorios, con la participaci\u00f3n de por lo menos dos candidaturas.<br>No hay dinero para m\u00e1s debates<\/p>\n\n\n\n<p>En tanto la Direcci\u00f3n de Administraci\u00f3n dio a conocer que en el presupuesto se tiene asignado recurso para realizar solo dos debates. En caso de aprobar un n\u00famero mayor de eventos tendr\u00eda que incrementarse el presupuesto estimado a trav\u00e9s de traspasos presupuestales con econom\u00edas registradas o en su caso, importes parciales o total de bienes o servicios calendarizados en meses posteriores para cumplir en tiempo y forma con los debates autorizados.<\/p>\n\n\n\n<p>El \u00e1rea jur\u00eddica consider\u00f3 que la ley establece la obligaci\u00f3n de realizar dos debates lo que interpretado de manera estricta resultar\u00eda una extra limitaci\u00f3n de facultades ampliar indebidamente las atribuciones o poderes de la autoridad, en perjuicio de derechos de terceros y del propio sistema de comunicaci\u00f3n pol\u00edtica establecido constitucional y legalmente.<br>Por su parte la Unidad de Comunicaci\u00f3n Social consider\u00f3 limitar el n\u00famero de debates a los indispensables ante el riesgo de que una multiplicidad de los mismos genere menor atenci\u00f3n a partir de cierto n\u00famero de ellos, adem\u00e1s de considerar un per\u00edodo razonable antes y despu\u00e9s del evento para su adecuada promoci\u00f3n, informaci\u00f3n y deliberaci\u00f3n p\u00fablica.<\/p>\n\n\n\n<p>Acordaron que el Consejo General organizar\u00e1 dos debates obligatorios entre las candidaturas a la gubernatura, los cuales ser\u00e1n transmitidos por las estaciones de radio y televisi\u00f3n de las concesionarias de uso p\u00fablico, para las cuales deber\u00e1 definir las reglas fechas y sedes, respetando el principio de equidad entre las candidaturas.<\/p>\n\n\n\n<p>Adem\u00e1s deber\u00e1 promover la transmisi\u00f3n de los debates por parte de otros concesionarios de radiodifusi\u00f3n con cobertura en el Estado de M\u00e9xico y de telecomunicaciones.<\/p>\n","protected":false},"excerpt":{"rendered":"<p>Miercoles,29 marzo 2023 La Administraci\u00f3n Administrativa asegur\u00f3 que no hay dinero para m\u00e1s de dos&#8230;<\/p>\n","protected":false},"author":3,"featured_media":58400,"comment_status":"closed","ping_status":"closed","sticky":false,"template":"","format":"standard","meta":{"footnotes":""},"categories":[4],"tags":[],"class_list":["post-58399","post","type-post","status-publish","format-standard","has-post-thumbnail","hentry","category-noticias-del-dia"],"_links":{"self":[{"href":"https:\/\/bambapolitica.com.mx\/index.php\/wp-json\/wp\/v2\/posts\/58399","targetHints":{"allow":["GET"]}}],"collection":[{"href":"https:\/\/bambapolitica.com.mx\/index.php\/wp-json\/wp\/v2\/posts"}],"about":[{"href":"https:\/\/bambapolitica.com.mx\/index.php\/wp-json\/wp\/v2\/types\/post"}],"author":[{"embeddable":true,"href":"https:\/\/bambapolitica.com.mx\/index.php\/wp-json\/wp\/v2\/users\/3"}],"replies":[{"embeddable":true,"href":"https:\/\/bambapolitica.com.mx\/index.php\/wp-json\/wp\/v2\/comments?post=58399"}],"version-history":[{"count":1,"href":"https:\/\/bambapolitica.com.mx\/index.php\/wp-json\/wp\/v2\/posts\/58399\/revisions"}],"predecessor-version":[{"id":58401,"href":"https:\/\/bambapolitica.com.mx\/index.php\/wp-json\/wp\/v2\/posts\/58399\/revisions\/58401"}],"wp:featuredmedia":[{"embeddable":true,"href":"https:\/\/bambapolitica.com.mx\/index.php\/wp-json\/wp\/v2\/media\/58400"}],"wp:attachment":[{"href":"https:\/\/bambapolitica.com.mx\/index.php\/wp-json\/wp\/v2\/media?parent=58399"}],"wp:term":[{"taxonomy":"category","embeddable":true,"href":"https:\/\/bambapolitica.com.mx\/index.php\/wp-json\/wp\/v2\/categories?post=58399"},{"taxonomy":"post_tag","embeddable":true,"href":"https:\/\/bambapolitica.com.mx\/index.php\/wp-json\/wp\/v2\/tags?post=58399"}],"curies":[{"name":"wp","href":"https:\/\/api.w.org\/{rel}","templated":true}]}}