{"id":58402,"date":"2023-03-29T10:10:32","date_gmt":"2023-03-29T16:10:32","guid":{"rendered":"http:\/\/bambapolitica.com.mx\/?p=58402"},"modified":"2023-03-29T10:10:35","modified_gmt":"2023-03-29T16:10:35","slug":"fiscalia-regional-de-neza-captura-a-bandas-de-asaltantes-y-narcomenudistas","status":"publish","type":"post","link":"https:\/\/bambapolitica.com.mx\/index.php\/2023\/03\/29\/fiscalia-regional-de-neza-captura-a-bandas-de-asaltantes-y-narcomenudistas\/","title":{"rendered":"Fiscal\u00eda Regional de Neza captura a bandas de asaltantes y narcomenudistas"},"content":{"rendered":"\n<p>Miercoles,29 marzo 2023<\/p>\n\n\n\n<p>En menos de un mes, han sido desarticuladas seis bandas delictivas, que se dedicaban a la venta de drogas, extorsiones, robo a mano armada, entre otros delitos.<br>En los \u00faltimos d\u00edas, fueron capturadas y sacadas de circulaci\u00f3n, dos bandas delictivas, que operaban en el municipio de Nezahualc\u00f3yotl, una d\u00f3nde los integrantes se dedicaban al asalto a mano armada y otra donde dos mujeres vend\u00edan estupefacientes.<br>En ambos casos, elementos de la&nbsp;Fiscal\u00eda Regional de Justicia en Nezahualc\u00f3yotl, comandados por el Maestro Elohim D\u00edaz Jim\u00e9nez, ejecutaron ordenes de aprehensi\u00f3n, giradas por la autoridad competente.<\/p>\n\n\n\n<p>En el primero de los casos, tres masculinos, acusados por cometer robo con violencia, utilizando una arma de fuego, asaltaron una tienda de venta de celulares, en la colonia Benito Ju\u00e1rez.<br>En un par de videos, se aprecia cuando un sujeto llega al establecimiento, ingresa con un arma y momentos despu\u00e9s llegaron otros dos sujetos, uno de ellos con un martillo rompi\u00f3 el vidrio del mostrador y comenzaron a sustraer los tel\u00e9fonos, huyendo del lugar en una motocicleta de color negro con gris, gracias a los videos, fueron plenamente reconocidos por las v\u00edctimas.<\/p>\n\n\n\n<p>Derivado de la denuncia por estos hechos, la Polic\u00eda Ministerial ejecut\u00f3 la orden de aprehensi\u00f3n en contra de Jair &#8220;N&#8221;, Jahairo &#8220;N&#8221; y Yarid &#8220;N&#8221;, por el delito de robo con violencia.<br>En el otro caso, se cumpliment\u00f3 una orden de cateo, en un predio ubicado en la calle \u00c1guila Negra, de la misma colonia y municipio, lugar al que arribaron e ingresaron elementos de la Fiscal\u00eda y de la Secretar\u00eda de Seguridad Ciudadana, localizando bolsas con marihuana, coca\u00edna, as\u00ed como envoltorios con droga conocida como piedra.<\/p>\n\n\n\n<p>Asi mismo aseguraron a dos femeninas, de nombres Karen Polet &#8220;N&#8221; y a Daniela &#8220;N&#8221;, en posici\u00f3n de billetes y monedas de diversas denominaciones, siendo trasladadas al Ministerio P\u00fablico, para deslindar responsabilidades.<br>Cabe se\u00f1alar, que con estas detenciones, en menos de un mes, han sido desarticuladas seis bandas delictivas, que se dedicaban a la venta de drogas, extorsiones, robo a mano armada, entre otros delitos.<\/p>\n","protected":false},"excerpt":{"rendered":"<p>Miercoles,29 marzo 2023 En menos de un mes, han sido desarticuladas seis bandas delictivas, que&#8230;<\/p>\n","protected":false},"author":3,"featured_media":58403,"comment_status":"closed","ping_status":"closed","sticky":false,"template":"","format":"standard","meta":{"footnotes":""},"categories":[2],"tags":[],"class_list":["post-58402","post","type-post","status-publish","format-standard","has-post-thumbnail","hentry","category-policiaca"],"_links":{"self":[{"href":"https:\/\/bambapolitica.com.mx\/index.php\/wp-json\/wp\/v2\/posts\/58402","targetHints":{"allow":["GET"]}}],"collection":[{"href":"https:\/\/bambapolitica.com.mx\/index.php\/wp-json\/wp\/v2\/posts"}],"about":[{"href":"https:\/\/bambapolitica.com.mx\/index.php\/wp-json\/wp\/v2\/types\/post"}],"author":[{"embeddable":true,"href":"https:\/\/bambapolitica.com.mx\/index.php\/wp-json\/wp\/v2\/users\/3"}],"replies":[{"embeddable":true,"href":"https:\/\/bambapolitica.com.mx\/index.php\/wp-json\/wp\/v2\/comments?post=58402"}],"version-history":[{"count":1,"href":"https:\/\/bambapolitica.com.mx\/index.php\/wp-json\/wp\/v2\/posts\/58402\/revisions"}],"predecessor-version":[{"id":58404,"href":"https:\/\/bambapolitica.com.mx\/index.php\/wp-json\/wp\/v2\/posts\/58402\/revisions\/58404"}],"wp:featuredmedia":[{"embeddable":true,"href":"https:\/\/bambapolitica.com.mx\/index.php\/wp-json\/wp\/v2\/media\/58403"}],"wp:attachment":[{"href":"https:\/\/bambapolitica.com.mx\/index.php\/wp-json\/wp\/v2\/media?parent=58402"}],"wp:term":[{"taxonomy":"category","embeddable":true,"href":"https:\/\/bambapolitica.com.mx\/index.php\/wp-json\/wp\/v2\/categories?post=58402"},{"taxonomy":"post_tag","embeddable":true,"href":"https:\/\/bambapolitica.com.mx\/index.php\/wp-json\/wp\/v2\/tags?post=58402"}],"curies":[{"name":"wp","href":"https:\/\/api.w.org\/{rel}","templated":true}]}}