{"id":58405,"date":"2023-03-29T10:14:24","date_gmt":"2023-03-29T16:14:24","guid":{"rendered":"http:\/\/bambapolitica.com.mx\/?p=58405"},"modified":"2023-03-29T10:14:27","modified_gmt":"2023-03-29T16:14:27","slug":"marcelo-ebrard-bromea-con-samuel-garcia-al-llegar-a-nl-durante-lluvia-traje-el-agua","status":"publish","type":"post","link":"https:\/\/bambapolitica.com.mx\/index.php\/2023\/03\/29\/marcelo-ebrard-bromea-con-samuel-garcia-al-llegar-a-nl-durante-lluvia-traje-el-agua\/","title":{"rendered":"Marcelo Ebrard bromea con Samuel Garc\u00eda al llegar a NL durante lluvia: &#8220;traje el agua&#8221;"},"content":{"rendered":"\n<p>Miercoles,29 marzo 2023<\/p>\n\n\n\n<p>El momento fue durante el recibimiento del gobernador al canciller.<br>Durante una visita a los predios donde se instalar\u00e1 la gigaplanta de Tesla en Santa Catarina Nuevo Le\u00f3n, el canciller Marcelo Ebrard hizo una broma a Samuel Garc\u00eda, pues el d\u00eda que lleg\u00f3 se registr\u00f3 una lluvia provocada por el frente fr\u00edo 45, &#8220;traje el agua&#8221;, dijo entre risas.<\/p>\n\n\n\n<p>El momento fue subido en la cuenta de TikTok @Samu.Elon, la cual a su vez, hace referencia al nombre del CEO de Tesla, Elon Musk.<br>Tanto como Garc\u00eda como Ebrard recorrieron el predio en compa\u00f1\u00eda de directivos de la empresa de autos y tecnolog\u00eda sustentable.<br>\u00bfC\u00f3mo usar\u00e1n el agua en Tesla?<br>Aunque no refieren c\u00f3mo ni cu\u00e1l tecnolog\u00eda usar\u00e1n, los dos pol\u00edticos argumentaron que la gigaplanta ser\u00e1 la que menos agua use en todo el mundo, pues est\u00e1 planeada en convertirse en autosustentable.<\/p>\n\n\n\n<p>Durante el mediod\u00eda, a trav\u00e9s de historias de Instagram del gobernador Samuel Garc\u00eda, Ebrard Casaub\u00f3n justific\u00f3 su presencia en la reuni\u00f3n del Gobierno Estatal con directivos de Tesla, mencionando que le ser\u00e1 presentado el plan de la automotriz para preservar el agua del estado.<\/p>\n\n\n\n<p>\u201cAndamos manejando un Tesla, vamos a recorrer lo que va a ser la planta y el motivo por el que estoy aqu\u00ed es porque Elon Musk acord\u00f3 con el presidente (Andr\u00e9s Manuel L\u00f3pez Obrador) que esta planta ser\u00e1 la m\u00e1s avanzada, quiz\u00e1s del mundo, en lo que tiene que ver con el uso de agua, entonces, eso venimos el d\u00eda de hoy&#8221;, se\u00f1al\u00f3 el secretario de Relaciones Exteriores.<br>\u201cVamos a recorrer el terreno, vamos a conocer pormenores y detalles con el equipo de Tesla\u201d, complement\u00f3 el gobernador Samuel Garc\u00eda que se encontraba en compa\u00f1\u00eda del canciller.<\/p>\n","protected":false},"excerpt":{"rendered":"<p>Miercoles,29 marzo 2023 El momento fue durante el recibimiento del gobernador al canciller.Durante una visita&#8230;<\/p>\n","protected":false},"author":3,"featured_media":58406,"comment_status":"closed","ping_status":"closed","sticky":false,"template":"","format":"standard","meta":{"footnotes":""},"categories":[4],"tags":[],"class_list":["post-58405","post","type-post","status-publish","format-standard","has-post-thumbnail","hentry","category-noticias-del-dia"],"_links":{"self":[{"href":"https:\/\/bambapolitica.com.mx\/index.php\/wp-json\/wp\/v2\/posts\/58405","targetHints":{"allow":["GET"]}}],"collection":[{"href":"https:\/\/bambapolitica.com.mx\/index.php\/wp-json\/wp\/v2\/posts"}],"about":[{"href":"https:\/\/bambapolitica.com.mx\/index.php\/wp-json\/wp\/v2\/types\/post"}],"author":[{"embeddable":true,"href":"https:\/\/bambapolitica.com.mx\/index.php\/wp-json\/wp\/v2\/users\/3"}],"replies":[{"embeddable":true,"href":"https:\/\/bambapolitica.com.mx\/index.php\/wp-json\/wp\/v2\/comments?post=58405"}],"version-history":[{"count":1,"href":"https:\/\/bambapolitica.com.mx\/index.php\/wp-json\/wp\/v2\/posts\/58405\/revisions"}],"predecessor-version":[{"id":58407,"href":"https:\/\/bambapolitica.com.mx\/index.php\/wp-json\/wp\/v2\/posts\/58405\/revisions\/58407"}],"wp:featuredmedia":[{"embeddable":true,"href":"https:\/\/bambapolitica.com.mx\/index.php\/wp-json\/wp\/v2\/media\/58406"}],"wp:attachment":[{"href":"https:\/\/bambapolitica.com.mx\/index.php\/wp-json\/wp\/v2\/media?parent=58405"}],"wp:term":[{"taxonomy":"category","embeddable":true,"href":"https:\/\/bambapolitica.com.mx\/index.php\/wp-json\/wp\/v2\/categories?post=58405"},{"taxonomy":"post_tag","embeddable":true,"href":"https:\/\/bambapolitica.com.mx\/index.php\/wp-json\/wp\/v2\/tags?post=58405"}],"curies":[{"name":"wp","href":"https:\/\/api.w.org\/{rel}","templated":true}]}}