{"id":58417,"date":"2023-03-29T10:50:54","date_gmt":"2023-03-29T16:50:54","guid":{"rendered":"http:\/\/bambapolitica.com.mx\/?p=58417"},"modified":"2023-03-29T10:50:56","modified_gmt":"2023-03-29T16:50:56","slug":"detienen-a-2-hombres-en-carretera-a-colombia-uno-era-buscado-por-homicidio-de-custodios","status":"publish","type":"post","link":"https:\/\/bambapolitica.com.mx\/index.php\/2023\/03\/29\/detienen-a-2-hombres-en-carretera-a-colombia-uno-era-buscado-por-homicidio-de-custodios\/","title":{"rendered":"Detienen a 2 hombres en carretera a Colombia; uno era buscado por homicidio de custodios"},"content":{"rendered":"\n<p>Miercoles,29 marzo 2023<\/p>\n\n\n\n<p>Los sospechosos viajaban en una camioneta y se impactaron contra un cami\u00f3n de basura en la avenida Ju\u00e1rez, donde fueron capturados.<br>Elementos de Fuerza Civil capturaron a dos hombres de los cuales uno habr\u00eda presuntamente participado en el homicidio de polic\u00edas custodios en septiembre del a\u00f1o pasado.<\/p>\n\n\n\n<p>Los oficiales ubicaron a los sospechosos a bordo de una camioneta Jeep Compass sobre la carretera a Colombia, sin embargo, al llegar al cruce con la avenida Ju\u00e1rez se impactaron contra un cami\u00f3n recolector de basura.<br>Al acercarse para verificar su estado de salud, los polic\u00edas observaron que tres hombres descendieron de la camioneta y huyeron de lugar. Sin embargo, al acercarse al veh\u00edculo se percataron que a bordo a\u00fan hab\u00eda dos personas en el asiento del copiloto y del conductor. Ambos portaban chalecos bal\u00edsticos.<\/p>\n\n\n\n<p>Los pasajeros fueron identificados como \u00d3scar, de 19 a\u00f1os de edad y Bernab\u00e9, de 60 a\u00f1os; este \u00faltimo cuenta con dos \u00f3rdenes de aprehensi\u00f3n por los delitos de secuestro agravado y feminicidio.<br>Adem\u00e1s, Bernab\u00e9 era buscado por ser uno de los \u00faltimos implicados en el asesinato de dos polic\u00edas custodios en Apodaca.<\/p>\n\n\n\n<p>Los custodios habr\u00edan desaparecido para luego ser encontrados muertos el 14 de septiembre del 2022.<\/p>\n\n\n\n<p>Al revisar la camioneta se percataron los elementos de Fuerza Civil que hab\u00eda cinco envoltorios con coca\u00edna piedra, tres envoltorios con cristal y 70 envoltorios con mariguana.<br>Tambi\u00e9n un arma corta calibre 9 mm con cargador, tres armas largas ak-47, 14 cargadores de armas largas y tres chalecos antibalas.<\/p>\n\n\n\n<p>Ante ellos los detenidos fueron puestos a disposici\u00f3n de las autoridades investigadoras.<\/p>\n","protected":false},"excerpt":{"rendered":"<p>Miercoles,29 marzo 2023 Los sospechosos viajaban en una camioneta y se impactaron contra un cami\u00f3n&#8230;<\/p>\n","protected":false},"author":3,"featured_media":58418,"comment_status":"closed","ping_status":"closed","sticky":false,"template":"","format":"standard","meta":{"footnotes":""},"categories":[2],"tags":[],"class_list":["post-58417","post","type-post","status-publish","format-standard","has-post-thumbnail","hentry","category-policiaca"],"_links":{"self":[{"href":"https:\/\/bambapolitica.com.mx\/index.php\/wp-json\/wp\/v2\/posts\/58417","targetHints":{"allow":["GET"]}}],"collection":[{"href":"https:\/\/bambapolitica.com.mx\/index.php\/wp-json\/wp\/v2\/posts"}],"about":[{"href":"https:\/\/bambapolitica.com.mx\/index.php\/wp-json\/wp\/v2\/types\/post"}],"author":[{"embeddable":true,"href":"https:\/\/bambapolitica.com.mx\/index.php\/wp-json\/wp\/v2\/users\/3"}],"replies":[{"embeddable":true,"href":"https:\/\/bambapolitica.com.mx\/index.php\/wp-json\/wp\/v2\/comments?post=58417"}],"version-history":[{"count":1,"href":"https:\/\/bambapolitica.com.mx\/index.php\/wp-json\/wp\/v2\/posts\/58417\/revisions"}],"predecessor-version":[{"id":58419,"href":"https:\/\/bambapolitica.com.mx\/index.php\/wp-json\/wp\/v2\/posts\/58417\/revisions\/58419"}],"wp:featuredmedia":[{"embeddable":true,"href":"https:\/\/bambapolitica.com.mx\/index.php\/wp-json\/wp\/v2\/media\/58418"}],"wp:attachment":[{"href":"https:\/\/bambapolitica.com.mx\/index.php\/wp-json\/wp\/v2\/media?parent=58417"}],"wp:term":[{"taxonomy":"category","embeddable":true,"href":"https:\/\/bambapolitica.com.mx\/index.php\/wp-json\/wp\/v2\/categories?post=58417"},{"taxonomy":"post_tag","embeddable":true,"href":"https:\/\/bambapolitica.com.mx\/index.php\/wp-json\/wp\/v2\/tags?post=58417"}],"curies":[{"name":"wp","href":"https:\/\/api.w.org\/{rel}","templated":true}]}}