{"id":58434,"date":"2023-03-30T09:36:25","date_gmt":"2023-03-30T15:36:25","guid":{"rendered":"http:\/\/bambapolitica.com.mx\/?p=58434"},"modified":"2023-03-30T09:36:27","modified_gmt":"2023-03-30T15:36:27","slug":"elecciones-edomex-ieem-organizara-dos-debates-en-abril-y-mayo","status":"publish","type":"post","link":"https:\/\/bambapolitica.com.mx\/index.php\/2023\/03\/30\/elecciones-edomex-ieem-organizara-dos-debates-en-abril-y-mayo\/","title":{"rendered":"Elecciones Edomex: IEEM Organizar\u00e1 Dos Debates en Abril y Mayo"},"content":{"rendered":"\n<p>jueves,30 marzo 2023<\/p>\n\n\n\n<p>El Instituto se\u00f1al\u00f3 que aunque por ley se establecen dos debates, no descart\u00f3 que se puedan realizar m\u00e1s si las candidatas se ponen de acuerdo<br>El Consejo General del Instituto Electoral del Estado de M\u00e9xico (IEEM) se\u00f1al\u00f3 que la ley establece \u00fanicamente la realizaci\u00f3n de dos debates entre las candidatas a la gubernatura, sin embargo, aclar\u00f3 que para que puedan realizarse m\u00e1s debe haber un mutuo acuerdo.<br>Durante la sesi\u00f3n realizada el martes, solicit\u00f3 a los partidos interesados a que informen al comit\u00e9 especial, el cual se establecer\u00e1 cinco d\u00edas despu\u00e9s de que inicien las campa\u00f1as, sobre el n\u00famero de debates que se proponen, esto con el fin de que se pueda analizar si existen las condiciones t\u00e9cnicas, materiales y financieras para llevarlos a cabo.<\/p>\n\n\n\n<p>Patricia Lozano, consejera electoral, record\u00f3 que el per\u00edodo marcado por la ley para la realizaci\u00f3n de los debates es del 3 de abril al 31 de mayo, plazo en el que se llevar\u00e1n a cabo las campa\u00f1as.<\/p>\n\n\n\n<p>El Consejo tambi\u00e9n consider\u00f3 que con dos de estos ejercicios se genera un equilibrio entre el derecho de la ciudadan\u00eda a recibir informaci\u00f3n y para que las candidaturas lleven a cabo sus actos y estrategias de campa\u00f1a.<\/p>\n\n\n\n<p>Esto se da luego de que la coalici\u00f3n PRD, PAN, PRI y Nueva Alianza present\u00f3 un oficio en el que solicit\u00f3 la realizaci\u00f3n de cinco debates durante el proceso electoral por la gubernatura del Edomex.<\/p>\n","protected":false},"excerpt":{"rendered":"<p>jueves,30 marzo 2023 El Instituto se\u00f1al\u00f3 que aunque por ley se establecen dos debates, no&#8230;<\/p>\n","protected":false},"author":3,"featured_media":58435,"comment_status":"closed","ping_status":"closed","sticky":false,"template":"","format":"standard","meta":{"footnotes":""},"categories":[4],"tags":[],"class_list":["post-58434","post","type-post","status-publish","format-standard","has-post-thumbnail","hentry","category-noticias-del-dia"],"_links":{"self":[{"href":"https:\/\/bambapolitica.com.mx\/index.php\/wp-json\/wp\/v2\/posts\/58434","targetHints":{"allow":["GET"]}}],"collection":[{"href":"https:\/\/bambapolitica.com.mx\/index.php\/wp-json\/wp\/v2\/posts"}],"about":[{"href":"https:\/\/bambapolitica.com.mx\/index.php\/wp-json\/wp\/v2\/types\/post"}],"author":[{"embeddable":true,"href":"https:\/\/bambapolitica.com.mx\/index.php\/wp-json\/wp\/v2\/users\/3"}],"replies":[{"embeddable":true,"href":"https:\/\/bambapolitica.com.mx\/index.php\/wp-json\/wp\/v2\/comments?post=58434"}],"version-history":[{"count":1,"href":"https:\/\/bambapolitica.com.mx\/index.php\/wp-json\/wp\/v2\/posts\/58434\/revisions"}],"predecessor-version":[{"id":58436,"href":"https:\/\/bambapolitica.com.mx\/index.php\/wp-json\/wp\/v2\/posts\/58434\/revisions\/58436"}],"wp:featuredmedia":[{"embeddable":true,"href":"https:\/\/bambapolitica.com.mx\/index.php\/wp-json\/wp\/v2\/media\/58435"}],"wp:attachment":[{"href":"https:\/\/bambapolitica.com.mx\/index.php\/wp-json\/wp\/v2\/media?parent=58434"}],"wp:term":[{"taxonomy":"category","embeddable":true,"href":"https:\/\/bambapolitica.com.mx\/index.php\/wp-json\/wp\/v2\/categories?post=58434"},{"taxonomy":"post_tag","embeddable":true,"href":"https:\/\/bambapolitica.com.mx\/index.php\/wp-json\/wp\/v2\/tags?post=58434"}],"curies":[{"name":"wp","href":"https:\/\/api.w.org\/{rel}","templated":true}]}}