{"id":58449,"date":"2023-03-30T10:03:44","date_gmt":"2023-03-30T16:03:44","guid":{"rendered":"http:\/\/bambapolitica.com.mx\/?p=58449"},"modified":"2023-03-30T10:13:06","modified_gmt":"2023-03-30T16:13:06","slug":"sectores-sociales-entregan-propuestas-a-candidatas","status":"publish","type":"post","link":"https:\/\/bambapolitica.com.mx\/index.php\/2023\/03\/30\/sectores-sociales-entregan-propuestas-a-candidatas\/","title":{"rendered":"Sectores sociales entregan propuestas a candidatas"},"content":{"rendered":"\n<p>jueves,30 marzo 2023<\/p>\n\n\n\n<p>Concaem recaba inquietudes en los rubros empresariales, de salud, vivienda, entre otros<br>El Consejo de C\u00e1maras y Asociaciones Empresariales del Estado de M\u00e9xico (Concaem) entreg\u00f3 a las dos aspirantes a la candidatura para contender por la gubernatura mexiquense 40 propuestas que emanan de tres ejercicios donde participaron 400 l\u00edderes sociales de sectores en los que estuvieron presentes Delfina G\u00f3mez, de Morena, y Alejandra del Moral, del PAN-PRI-PRD.<\/p>\n\n\n\n<p>Gilberto Sauza Mart\u00ednez, presidente del organismo, resalt\u00f3 que en este ejercicio participaron 13 sectores sociales quienes mostraron sus inquietudes a los representantes de los partidos pol\u00edticos y equipos de campa\u00f1a.<\/p>\n\n\n\n<p>A\u00f1adi\u00f3 que fueron tres encuentros desarrollados en el Valle de Toluca, la Zona Metropolitana del Valle de M\u00e9xico y el oriente.<\/p>\n\n\n\n<p>Entre las propuestas destacan la urgencia por generar una atracci\u00f3n de industria en todos los polos log\u00edsticos que se han generado durante la presente administraci\u00f3n, es decir, reconoci\u00f3 que si bien es un gran paso generar dichos nodos, debe venir acompa\u00f1ado por la generaci\u00f3n de industria, de lo contrario en 10 o 15 a\u00f1os se convertir\u00e1n en polos con dificultades econ\u00f3micas.<\/p>\n\n\n\n<p>A la par, hablaron de la necesidad de un desarrollo urbano pensado, inteligente y estrat\u00e9gico; la generaci\u00f3n de vivienda social con la finalidad de cubrir la necesidad de esos mismos polos. En el tema de sector empresarial de mujeres, manifestaron la necesidad de regresar las escuelas de tiempo completo o guarder\u00edas para las mujeres que deben trabajar en horarios extendidos, porque se dificulta la posibilidad de llevar riqueza a sus hogares.<\/p>\n\n\n\n<p>Entre los j\u00f3venes resalt\u00f3 el tema de la salud, pues es urgente y necesario atender las enfermedades mentales, sobre todo generados a partir de la pandemia y promover una pol\u00edtica p\u00fablica para este sector que las atienda.<\/p>\n\n\n\n<p>Los representantes de la sociedad civil, en su mayor\u00eda, fueron dirigidos a tener una pol\u00edtica m\u00e1s inclusiva en temas econ\u00f3micos.<\/p>\n\n\n\n<p>En el caso de los sindicatos, la propuesta fue sobre temas de vivienda social y se manifest\u00f3 que la entidad es uno de los que m\u00e1s aporta el Infonavit pero dicha instituci\u00f3n invierte muy poco en el territorio mexiquense, por lo tanto la clase trabajadora requiere de este tipo de apoyo.<\/p>\n\n\n\n<p>Mientras que en las universidades, los j\u00f3venes pidieron una inversi\u00f3n mayor en innovaci\u00f3n, es decir, se\u00f1al\u00f3 el presidente de Concaem, que buscan que el estado genere mayor inversi\u00f3n en este rubro, pues conlleva un cambio en el entorno.<\/p>\n\n\n\n<p><\/p>\n","protected":false},"excerpt":{"rendered":"<p>jueves,30 marzo 2023 Concaem recaba inquietudes en los rubros empresariales, de salud, vivienda, entre otrosEl&#8230;<\/p>\n","protected":false},"author":3,"featured_media":58450,"comment_status":"closed","ping_status":"closed","sticky":false,"template":"","format":"standard","meta":{"footnotes":""},"categories":[4],"tags":[],"class_list":["post-58449","post","type-post","status-publish","format-standard","has-post-thumbnail","hentry","category-noticias-del-dia"],"_links":{"self":[{"href":"https:\/\/bambapolitica.com.mx\/index.php\/wp-json\/wp\/v2\/posts\/58449","targetHints":{"allow":["GET"]}}],"collection":[{"href":"https:\/\/bambapolitica.com.mx\/index.php\/wp-json\/wp\/v2\/posts"}],"about":[{"href":"https:\/\/bambapolitica.com.mx\/index.php\/wp-json\/wp\/v2\/types\/post"}],"author":[{"embeddable":true,"href":"https:\/\/bambapolitica.com.mx\/index.php\/wp-json\/wp\/v2\/users\/3"}],"replies":[{"embeddable":true,"href":"https:\/\/bambapolitica.com.mx\/index.php\/wp-json\/wp\/v2\/comments?post=58449"}],"version-history":[{"count":2,"href":"https:\/\/bambapolitica.com.mx\/index.php\/wp-json\/wp\/v2\/posts\/58449\/revisions"}],"predecessor-version":[{"id":58456,"href":"https:\/\/bambapolitica.com.mx\/index.php\/wp-json\/wp\/v2\/posts\/58449\/revisions\/58456"}],"wp:featuredmedia":[{"embeddable":true,"href":"https:\/\/bambapolitica.com.mx\/index.php\/wp-json\/wp\/v2\/media\/58450"}],"wp:attachment":[{"href":"https:\/\/bambapolitica.com.mx\/index.php\/wp-json\/wp\/v2\/media?parent=58449"}],"wp:term":[{"taxonomy":"category","embeddable":true,"href":"https:\/\/bambapolitica.com.mx\/index.php\/wp-json\/wp\/v2\/categories?post=58449"},{"taxonomy":"post_tag","embeddable":true,"href":"https:\/\/bambapolitica.com.mx\/index.php\/wp-json\/wp\/v2\/tags?post=58449"}],"curies":[{"name":"wp","href":"https:\/\/api.w.org\/{rel}","templated":true}]}}