{"id":58457,"date":"2023-03-30T10:19:00","date_gmt":"2023-03-30T16:19:00","guid":{"rendered":"http:\/\/bambapolitica.com.mx\/?p=58457"},"modified":"2023-03-30T10:19:09","modified_gmt":"2023-03-30T16:19:09","slug":"lluvia-en-edomex-deja-tres-muertos-en-chimalhuacan","status":"publish","type":"post","link":"https:\/\/bambapolitica.com.mx\/index.php\/2023\/03\/30\/lluvia-en-edomex-deja-tres-muertos-en-chimalhuacan\/","title":{"rendered":"Lluvia en Edomex deja tres muertos en Chimalhuac\u00e1n"},"content":{"rendered":"\n<p>jueves,30 marzo 2023<\/p>\n\n\n\n<p>Personal de la Fiscal\u00eda General de Justicia del Estado de M\u00e9xico (FGJEM) arrib\u00f3 a los tres puntos para iniciar con las indagatorias correspondientes y el levantamiento de los cuerpos.<br>La lluvia torrencial de anoche en el Valle de M\u00e9xico,&nbsp;dej\u00f3 tres personas sin vida, entre ellas una menor de edad, en el municipio de Chimalhuac\u00e1n, al oriente del Estado de M\u00e9xico.<\/p>\n\n\n\n<p>El primer hecho ocurri\u00f3 en avenida Arca de No\u00e9&nbsp;casi esquina con calle Venustiano Carranza, donde un motociclista cay\u00f3 a una coladera sin tapa y se electrocut\u00f3 con un cable mal colocado.<\/p>\n\n\n\n<p>Tras la descarga, el cuerpo de la victima habr\u00eda sido arrastrado durante varios metros y fue en la avenida Arca de No\u00e9 esquina con calle Laurel cuando su cuerpo comenz\u00f3 a flotar.<br>Pese a que vecinos quisieron ayudarle, nada pudieron hacer, pues ya no contaba con signos vitales. Al lugar llegaron polic\u00edas municipales para resguardar el \u00e1rea y evitar otro accidente.<\/p>\n\n\n\n<p>A unas cuatro calles del primer hecho, otro joven de unos 25 a\u00f1os de edad identificado como estudiante del Tecnol\u00f3gico de Estudios Superiores de Chimalhuac\u00e1n (TESCHi) tambi\u00e9n falleci\u00f3.<\/p>\n\n\n\n<p>Primeros reportes indican que el agua alcanz\u00f3 m\u00e1s de 70 cent\u00edmetros de altura situaci\u00f3n que complic\u00f3 el tr\u00e1nsito de veh\u00edculos y peatones, el joven intent\u00f3 cruzar para ponerse a salvo, pero la fuerza de la corriente lo tir\u00f3 y perdi\u00f3 la vida.<br>Ni\u00f1a tambi\u00e9n falleci\u00f3 durante lluvia<br>Cuerpos de emergencia llegaron al sitio, pero el estudiante de la carrera de Gastronom\u00eda ya no contaba con signos vitales y presuntamente perdi\u00f3 la vida tras un severo golpe en la cabeza.<\/p>\n\n\n\n<p>Una menor de tres a\u00f1os falleci\u00f3 en el barrio artesanos sobre la avenida Organizaci\u00f3n, tambi\u00e9n durante la fuerte lluvia.<\/p>\n\n\n\n<p>De acuerdo con reportes, la menor y su madre iban caminando sobre la calle para llegar a su vivienda y resguardarse de la lluvia, cuando una pipa de gas pas\u00f3 a exceso de velocidad y avent\u00f3 el agua de la arteria hacia los extremos.<\/p>\n\n\n\n<p>Debido a la cantidad y fuerza del agua, la ni\u00f1a solt\u00f3 la mano de su madre y fue arrastrada por la corriente. Tras el impacto, la menor falleci\u00f3.<\/p>\n\n\n\n<p>Personal de la Fiscal\u00eda General de Justicia del Estado de M\u00e9xico (FGJEM) arrib\u00f3 a los tres puntos para iniciar con las indagatorias correspondientes y el levantamiento de los cuerpos que ser\u00e1n trasladados al anfiteatro para realizarles la necropsia de ley.<\/p>\n","protected":false},"excerpt":{"rendered":"<p>jueves,30 marzo 2023 Personal de la Fiscal\u00eda General de Justicia del Estado de M\u00e9xico (FGJEM)&#8230;<\/p>\n","protected":false},"author":3,"featured_media":58458,"comment_status":"closed","ping_status":"closed","sticky":false,"template":"","format":"standard","meta":{"footnotes":""},"categories":[4],"tags":[],"class_list":["post-58457","post","type-post","status-publish","format-standard","has-post-thumbnail","hentry","category-noticias-del-dia"],"_links":{"self":[{"href":"https:\/\/bambapolitica.com.mx\/index.php\/wp-json\/wp\/v2\/posts\/58457","targetHints":{"allow":["GET"]}}],"collection":[{"href":"https:\/\/bambapolitica.com.mx\/index.php\/wp-json\/wp\/v2\/posts"}],"about":[{"href":"https:\/\/bambapolitica.com.mx\/index.php\/wp-json\/wp\/v2\/types\/post"}],"author":[{"embeddable":true,"href":"https:\/\/bambapolitica.com.mx\/index.php\/wp-json\/wp\/v2\/users\/3"}],"replies":[{"embeddable":true,"href":"https:\/\/bambapolitica.com.mx\/index.php\/wp-json\/wp\/v2\/comments?post=58457"}],"version-history":[{"count":1,"href":"https:\/\/bambapolitica.com.mx\/index.php\/wp-json\/wp\/v2\/posts\/58457\/revisions"}],"predecessor-version":[{"id":58459,"href":"https:\/\/bambapolitica.com.mx\/index.php\/wp-json\/wp\/v2\/posts\/58457\/revisions\/58459"}],"wp:featuredmedia":[{"embeddable":true,"href":"https:\/\/bambapolitica.com.mx\/index.php\/wp-json\/wp\/v2\/media\/58458"}],"wp:attachment":[{"href":"https:\/\/bambapolitica.com.mx\/index.php\/wp-json\/wp\/v2\/media?parent=58457"}],"wp:term":[{"taxonomy":"category","embeddable":true,"href":"https:\/\/bambapolitica.com.mx\/index.php\/wp-json\/wp\/v2\/categories?post=58457"},{"taxonomy":"post_tag","embeddable":true,"href":"https:\/\/bambapolitica.com.mx\/index.php\/wp-json\/wp\/v2\/tags?post=58457"}],"curies":[{"name":"wp","href":"https:\/\/api.w.org\/{rel}","templated":true}]}}