{"id":58463,"date":"2023-03-30T10:40:01","date_gmt":"2023-03-30T16:40:01","guid":{"rendered":"http:\/\/bambapolitica.com.mx\/?p=58463"},"modified":"2023-03-30T10:40:07","modified_gmt":"2023-03-30T16:40:07","slug":"liberan-a-mujeres-senaladas-de-introducir-cadaver-de-bebe-a-penal-de-puebla","status":"publish","type":"post","link":"https:\/\/bambapolitica.com.mx\/index.php\/2023\/03\/30\/liberan-a-mujeres-senaladas-de-introducir-cadaver-de-bebe-a-penal-de-puebla\/","title":{"rendered":"Liberan a mujeres se\u00f1aladas de introducir cad\u00e1ver de beb\u00e9 a penal de Puebla"},"content":{"rendered":"\n<p>jueves,30 marzo 2023<\/p>\n\n\n\n<p>Un juez determin\u00f3 liberar a dos mujeres se\u00f1aladas de introducir el cuerpo del beb\u00e9 Tadeo al penal de San Miguel, si bien sigue la investigaci\u00f3n del caso<br>Autoridades de Puebla liberaron a dos mujeres se\u00f1aladas de introducir al penal de San Miguel el cad\u00e1ver de un beb\u00e9, hecho ocurrido en enero de 2022.<\/p>\n\n\n\n<p>La visitante Nadia Carolina N. y la custodia Jessica N. se encontraban en prisi\u00f3n preventiva, pero un juez liber\u00f3 \u201cuna parte del juicio\u201d, inform\u00f3 el gobernador Sergio Salom\u00f3n C\u00e9spedes.<\/p>\n\n\n\n<p>Sin embargo, ambas mujeres siguen vinculadas a proceso por otro delito y contin\u00faan las investigaciones sobre el caso del beb\u00e9, cuyo nombre era Tadeo.<\/p>\n\n\n\n<p>Yo espero que tanto Fiscal\u00eda como Poder Judicial tengan muy en firme este caso, que se vaya hasta las \u00faltimas consecuencias. Que se esclarezca y que conforme a derecho se pueda juzgar ello y en su momento que asuman la responsabilidad las partes involucradas\u201d, dijo el gobernador de Puebla en conferencia de prensa.<\/p>\n\n\n\n<p>El caso de Tadeo, nacido el 4 de octubre de 2021, estremeci\u00f3 a inicios de 2022 cuando un reo del penal de San Miguel, en Puebla, encontr\u00f3 el cuerpo del beb\u00e9 cubierto con cal y dentro de una bolsa en los contenedores de pl\u00e1stico reciclable.<\/p>\n\n\n\n<p>El beb\u00e9, que hab\u00eda sido enterrado el 6 de enero en un cementerio de la zona de Iztapalapa, en la Ciudad de M\u00e9xico, muri\u00f3 por complicaciones intestinales en un hospital local.<\/p>\n\n\n\n<p>Posteriormente fue enterrado en un pante\u00f3n capitalino y exhumado d\u00edas despu\u00e9s para ser trasladado al penal de Puebla, donde apareci\u00f3 entre la basura.<\/p>\n\n\n\n<p>El entonces gobernador Miguel Barbosa reiter\u00f3 sus cr\u00edticas contra periodistas y asociaciones civiles que han investigado el caso, al denunciar que abonan a la desestabilizaci\u00f3n.<\/p>\n\n\n\n<p>\u201cUn ambiente en el que muchos participan dando a conocer hechos no probados, y acontecimientos que son parte de una especulaci\u00f3n, y que abona a la inestabilidad\u201d, declar\u00f3.<\/p>\n","protected":false},"excerpt":{"rendered":"<p>jueves,30 marzo 2023 Un juez determin\u00f3 liberar a dos mujeres se\u00f1aladas de introducir el cuerpo&#8230;<\/p>\n","protected":false},"author":3,"featured_media":58464,"comment_status":"closed","ping_status":"closed","sticky":false,"template":"","format":"standard","meta":{"footnotes":""},"categories":[2],"tags":[],"class_list":["post-58463","post","type-post","status-publish","format-standard","has-post-thumbnail","hentry","category-policiaca"],"_links":{"self":[{"href":"https:\/\/bambapolitica.com.mx\/index.php\/wp-json\/wp\/v2\/posts\/58463","targetHints":{"allow":["GET"]}}],"collection":[{"href":"https:\/\/bambapolitica.com.mx\/index.php\/wp-json\/wp\/v2\/posts"}],"about":[{"href":"https:\/\/bambapolitica.com.mx\/index.php\/wp-json\/wp\/v2\/types\/post"}],"author":[{"embeddable":true,"href":"https:\/\/bambapolitica.com.mx\/index.php\/wp-json\/wp\/v2\/users\/3"}],"replies":[{"embeddable":true,"href":"https:\/\/bambapolitica.com.mx\/index.php\/wp-json\/wp\/v2\/comments?post=58463"}],"version-history":[{"count":1,"href":"https:\/\/bambapolitica.com.mx\/index.php\/wp-json\/wp\/v2\/posts\/58463\/revisions"}],"predecessor-version":[{"id":58465,"href":"https:\/\/bambapolitica.com.mx\/index.php\/wp-json\/wp\/v2\/posts\/58463\/revisions\/58465"}],"wp:featuredmedia":[{"embeddable":true,"href":"https:\/\/bambapolitica.com.mx\/index.php\/wp-json\/wp\/v2\/media\/58464"}],"wp:attachment":[{"href":"https:\/\/bambapolitica.com.mx\/index.php\/wp-json\/wp\/v2\/media?parent=58463"}],"wp:term":[{"taxonomy":"category","embeddable":true,"href":"https:\/\/bambapolitica.com.mx\/index.php\/wp-json\/wp\/v2\/categories?post=58463"},{"taxonomy":"post_tag","embeddable":true,"href":"https:\/\/bambapolitica.com.mx\/index.php\/wp-json\/wp\/v2\/tags?post=58463"}],"curies":[{"name":"wp","href":"https:\/\/api.w.org\/{rel}","templated":true}]}}