{"id":58466,"date":"2023-03-30T10:53:13","date_gmt":"2023-03-30T16:53:13","guid":{"rendered":"http:\/\/bambapolitica.com.mx\/?p=58466"},"modified":"2023-03-30T10:53:18","modified_gmt":"2023-03-30T16:53:18","slug":"si-aumenta-consumo-de-drogas-en-mexico-sera-muy-dificil-garantizar-paz-y-tranquilidad-amlo","status":"publish","type":"post","link":"https:\/\/bambapolitica.com.mx\/index.php\/2023\/03\/30\/si-aumenta-consumo-de-drogas-en-mexico-sera-muy-dificil-garantizar-paz-y-tranquilidad-amlo\/","title":{"rendered":"Si aumenta consumo de drogas en M\u00e9xico, ser\u00e1 muy dif\u00edcil garantizar paz y tranquilidad: AMLO"},"content":{"rendered":"\n<p>jueves,30 marzo 2023<\/p>\n\n\n\n<p>L\u00f3pez Obrador pidi\u00f3 la colaboraci\u00f3n al Consejo de la Comunicaci\u00f3n para llevar a cabo una campa\u00f1a contra el consumo de drogas en M\u00e9xico<br>El presidente Andr\u00e9s Manuel L\u00f3pez Obrador reconoci\u00f3 que si aumenta el consumo de drogas en M\u00e9xico \u201cva a ser muy dif\u00edcil garantizar la paz.y la tranquilidad\u201d en el pa\u00eds.<\/p>\n\n\n\n<p>Lo anterior fue detallado por el mandatario mexicano durante la ceremonia de cambio en la Presidencia del Consejo de la Comunicaci\u00f3n, donde Francisco Casanueva P\u00e9rez relevar\u00e1 a Jos\u00e9 Carlos Azc\u00e1rraga.<\/p>\n\n\n\n<p>No buscar esas opciones, que son da\u00f1inas, dram\u00e1ticas y fatales. Si nosotros en nuestro pa\u00eds seguimos fortaleciendo, valores y seguimos informando sobre esto, vamos a lograr mucho, porque si nos descuidamos y nos aumenta el consumo de las drogas entonces si va a ser muy dif\u00edcil garantizar la paz y la tranquilidad en el pa\u00eds\u201d, se\u00f1al\u00f3.<\/p>\n\n\n\n<p>\u201cY va a ser muy doloroso, porque lo que est\u00e1 sucediendo actualmente en Estados Unidos es realmente muy doloroso: las calles, los parques llenos de j\u00f3venes como zombies en una situaci\u00f3n lamentable. Es una profunda crisis social y una profunda crisis humanitaria\u201c, agreg\u00f3.<\/p>\n\n\n\n<p>L\u00f3pez Obrador resalt\u00f3 los valores de la familia mexicana, los cuales dejaron en claro que es lo que ha salvado al pa\u00eds en momentos de apremio.<\/p>\n\n\n\n<p>\u201cNosotros tenemos por eso que fortalecer nuestros valores, que repito es lo que siempre nos ha salvado, es lo que nos ha sacado a flote ante cualquier adversidad y les voy a mostrar c\u00f3mo est\u00e1 el pa\u00eds porque ya estamos saliendo de la crisis que precipit\u00f3 la pandemia y ya el pa\u00eds est\u00e1 avanzando en lo econ\u00f3mico se est\u00e1 creciendo\u201d, refiri\u00f3.<\/p>\n\n\n\n<p>El mandatario mexicano pidi\u00f3 la colaboraci\u00f3n al Consejo de la Comunicaci\u00f3n para llevar a cabo una campa\u00f1a contra el consumo de drogas en M\u00e9xico, la cual fue aceptada por los empresarios.<\/p>\n\n\n\n<p>\u201cLa democracia es asunto de todos, es lo que tiene que ver con la participaci\u00f3n del pueblo. Entonces, yo les voy a hacer una propuesta porque es algo extraordinario lo que ustedes han aportado y pueden seguir aportando.Si me preguntan como presidente cu\u00e1l es su preocupaci\u00f3n o cu\u00e1les son sus preocupaciones principales, entre ellas estar\u00eda el que podamos reducir el consumo de drogas, esa es una de mis preocupaciones\u201d, indic\u00f3.<\/p>\n\n\n\n<p>\u201cEstamos resistiendo incluso a factores externos como la inflaci\u00f3n y como algunas quiebras en bancos de pa\u00edses extranjeros. Pero miren lo que podemos mostrarles, sin embargo, esto va muy bien, pero vuelvo al planteamiento, lo que me preocupa es lo de los j\u00f3venes y la campa\u00f1a que podr\u00edan ustedes emprender ser\u00eda extraordinaria\u201d, enfatiz\u00f3.<\/p>\n","protected":false},"excerpt":{"rendered":"<p>jueves,30 marzo 2023 L\u00f3pez Obrador pidi\u00f3 la colaboraci\u00f3n al Consejo de la Comunicaci\u00f3n para llevar&#8230;<\/p>\n","protected":false},"author":3,"featured_media":58467,"comment_status":"closed","ping_status":"closed","sticky":false,"template":"","format":"standard","meta":{"footnotes":""},"categories":[2],"tags":[],"class_list":["post-58466","post","type-post","status-publish","format-standard","has-post-thumbnail","hentry","category-policiaca"],"_links":{"self":[{"href":"https:\/\/bambapolitica.com.mx\/index.php\/wp-json\/wp\/v2\/posts\/58466","targetHints":{"allow":["GET"]}}],"collection":[{"href":"https:\/\/bambapolitica.com.mx\/index.php\/wp-json\/wp\/v2\/posts"}],"about":[{"href":"https:\/\/bambapolitica.com.mx\/index.php\/wp-json\/wp\/v2\/types\/post"}],"author":[{"embeddable":true,"href":"https:\/\/bambapolitica.com.mx\/index.php\/wp-json\/wp\/v2\/users\/3"}],"replies":[{"embeddable":true,"href":"https:\/\/bambapolitica.com.mx\/index.php\/wp-json\/wp\/v2\/comments?post=58466"}],"version-history":[{"count":1,"href":"https:\/\/bambapolitica.com.mx\/index.php\/wp-json\/wp\/v2\/posts\/58466\/revisions"}],"predecessor-version":[{"id":58468,"href":"https:\/\/bambapolitica.com.mx\/index.php\/wp-json\/wp\/v2\/posts\/58466\/revisions\/58468"}],"wp:featuredmedia":[{"embeddable":true,"href":"https:\/\/bambapolitica.com.mx\/index.php\/wp-json\/wp\/v2\/media\/58467"}],"wp:attachment":[{"href":"https:\/\/bambapolitica.com.mx\/index.php\/wp-json\/wp\/v2\/media?parent=58466"}],"wp:term":[{"taxonomy":"category","embeddable":true,"href":"https:\/\/bambapolitica.com.mx\/index.php\/wp-json\/wp\/v2\/categories?post=58466"},{"taxonomy":"post_tag","embeddable":true,"href":"https:\/\/bambapolitica.com.mx\/index.php\/wp-json\/wp\/v2\/tags?post=58466"}],"curies":[{"name":"wp","href":"https:\/\/api.w.org\/{rel}","templated":true}]}}