{"id":58470,"date":"2023-03-30T11:01:16","date_gmt":"2023-03-30T17:01:16","guid":{"rendered":"http:\/\/bambapolitica.com.mx\/?p=58470"},"modified":"2023-03-30T11:01:28","modified_gmt":"2023-03-30T17:01:28","slug":"suspenden-a-funcionario-de-arteaga-tras-denuncia-de-su-ex-pareja-por-presunta-violencia","status":"publish","type":"post","link":"https:\/\/bambapolitica.com.mx\/index.php\/2023\/03\/30\/suspenden-a-funcionario-de-arteaga-tras-denuncia-de-su-ex-pareja-por-presunta-violencia\/","title":{"rendered":"Suspenden a funcionario de Arteaga tras denuncia de su ex pareja por presunta violencia"},"content":{"rendered":"\n<p>jueves,30 marzo 2023<\/p>\n\n\n\n<p>La ex pareja del presunto agresor public\u00f3 a trav\u00e9s de redes sociales los constantes maltratos que recib\u00eda.<br>Luego de que se diera a conocer que un funcionario del Gobierno Municipal de Arteaga fue denunciado por su ex pareja por presunta violencia f\u00edsica y psicol\u00f3gica, el alcalde Ramiro Dur\u00e1n, inform\u00f3 que \u00e9ste ser\u00eda separado de su cargo, para que posteriormente se le realizaran las investigaciones correspondientes.<\/p>\n\n\n\n<p>Esto luego de que Evelin Esmeralda, ex pareja del presunto agresor, denunciara a trav\u00e9s de redes sociales el constante maltrato que recib\u00eda por parte del funcionario municipal, mismo que continuaba acos\u00e1ndola aun cuando se encontraban separados.<br>La joven public\u00f3 capturas de conversaciones, as\u00ed como su testimonio y fotograf\u00edas de las agresiones, mismas que mostraban el abuso por parte de su agresor, adem\u00e1s de relatar que hace unos d\u00edas tanto ella como otro joven que la acompa\u00f1aba durante una fiesta, fueron agredidos por el funcionario.<\/p>\n\n\n\n<p>\u201cEl viernes 24 de marzo sal\u00ed con mis amigas y amigos a una fiesta, todo estaba bien, ya nos \u00edbamos a regresar cada quien a su casa hasta que recibo una llamada de mis amigos en donde me dicen que \u00e9l acaba de llegar y est\u00e1 preguntando por m\u00ed\u201d, se lee en la publicaci\u00f3n.<\/p>\n\n\n\n<p>\u201cAl momento de subirnos al carro, se acerca \u00e9l junto a tres amigos y uno de ellos me golpea, as\u00ed como a mis amigos que solo me acompa\u00f1aron a la fiesta; a uno de ellos le reventaron una piedra en la cabeza y a otro le abrieron una ceja\u201d, indic\u00f3.<\/p>\n\n\n\n<p>Al respecto, el alcalde de Arteaga, Ramiro Dur\u00e1n, habl\u00f3 esta ma\u00f1ana sobre el tema, se\u00f1alando que fue el propio agresor quien present\u00f3 la solicitud para separarse de su cargo de forma temporal mientras se resuelve su situaci\u00f3n legal, a ra\u00edz de que las autoridades as\u00ed se lo solicitaran.<\/p>\n\n\n\n<p>Por otra parte, el edil indic\u00f3 que fue \u00e9l quien recomend\u00f3 a la v\u00edctima acercarse directamente con las autoridades para proceder a realizar las denuncias correspondientes y determinar si el funcionario acusado es responsable de los delitos se\u00f1alados.<br>\u201cEn esta situaci\u00f3n yo fui quien la invitaba a que denunciara si se ha sentido agraviada en sus derechos o en su persona, por lo cual ella acudi\u00f3 al Ministerio P\u00fablico de Arteaga junto tambi\u00e9n el joven que fue agredido\u201d, indic\u00f3.<\/p>\n\n\n\n<p>\u201cNosotros invitamos a Josue, quien era colaborador de nosotros y del Ayuntamiento, a que se separara del cargo para que se resolviera su situaci\u00f3n legal, en dado caso de que surgieran elementos en la carpeta de investigaci\u00f3n, \u00e9l ser\u00e1 despedido del Ayuntamiento. No habr\u00e1 tolerancia, estamos en favor de los derechos de la mujer\u201d, explic\u00f3.<\/p>\n\n\n\n<p>Por su parte, el funcionario acusado asegur\u00f3 ser inocente y public\u00f3 a trav\u00e9s de redes sociales la solicitud de licencia para separarse de su cargo, se\u00f1alando que conf\u00eda en las autoridades para aclarar lo sucedido conforme a derecho.<\/p>\n","protected":false},"excerpt":{"rendered":"<p>jueves,30 marzo 2023 La ex pareja del presunto agresor public\u00f3 a trav\u00e9s de redes sociales&#8230;<\/p>\n","protected":false},"author":3,"featured_media":58471,"comment_status":"closed","ping_status":"closed","sticky":false,"template":"","format":"standard","meta":{"footnotes":""},"categories":[2],"tags":[],"class_list":["post-58470","post","type-post","status-publish","format-standard","has-post-thumbnail","hentry","category-policiaca"],"_links":{"self":[{"href":"https:\/\/bambapolitica.com.mx\/index.php\/wp-json\/wp\/v2\/posts\/58470","targetHints":{"allow":["GET"]}}],"collection":[{"href":"https:\/\/bambapolitica.com.mx\/index.php\/wp-json\/wp\/v2\/posts"}],"about":[{"href":"https:\/\/bambapolitica.com.mx\/index.php\/wp-json\/wp\/v2\/types\/post"}],"author":[{"embeddable":true,"href":"https:\/\/bambapolitica.com.mx\/index.php\/wp-json\/wp\/v2\/users\/3"}],"replies":[{"embeddable":true,"href":"https:\/\/bambapolitica.com.mx\/index.php\/wp-json\/wp\/v2\/comments?post=58470"}],"version-history":[{"count":1,"href":"https:\/\/bambapolitica.com.mx\/index.php\/wp-json\/wp\/v2\/posts\/58470\/revisions"}],"predecessor-version":[{"id":58472,"href":"https:\/\/bambapolitica.com.mx\/index.php\/wp-json\/wp\/v2\/posts\/58470\/revisions\/58472"}],"wp:featuredmedia":[{"embeddable":true,"href":"https:\/\/bambapolitica.com.mx\/index.php\/wp-json\/wp\/v2\/media\/58471"}],"wp:attachment":[{"href":"https:\/\/bambapolitica.com.mx\/index.php\/wp-json\/wp\/v2\/media?parent=58470"}],"wp:term":[{"taxonomy":"category","embeddable":true,"href":"https:\/\/bambapolitica.com.mx\/index.php\/wp-json\/wp\/v2\/categories?post=58470"},{"taxonomy":"post_tag","embeddable":true,"href":"https:\/\/bambapolitica.com.mx\/index.php\/wp-json\/wp\/v2\/tags?post=58470"}],"curies":[{"name":"wp","href":"https:\/\/api.w.org\/{rel}","templated":true}]}}