{"id":58479,"date":"2023-03-30T12:08:18","date_gmt":"2023-03-30T18:08:18","guid":{"rendered":"http:\/\/bambapolitica.com.mx\/?p=58479"},"modified":"2023-03-30T12:08:24","modified_gmt":"2023-03-30T18:08:24","slug":"iglesia-venezolana-pide-justicia-para-migrantes-muertos-en-incendio-en-ciudad-juarez","status":"publish","type":"post","link":"https:\/\/bambapolitica.com.mx\/index.php\/2023\/03\/30\/iglesia-venezolana-pide-justicia-para-migrantes-muertos-en-incendio-en-ciudad-juarez\/","title":{"rendered":"Iglesia venezolana pide justicia para migrantes muertos en incendio en Ciudad Ju\u00e1rez"},"content":{"rendered":"\n<p>jueves,30 marzo 2023<\/p>\n\n\n\n<p>La iglesia venezolana manifest\u00f3 su consternaci\u00f3n por la muerte de 39 migrantes en el incendio de Ciudad Ju\u00e1rez y pidi\u00f3 \u201cque se haga justicia\u201d para estas v\u00edctimas<br>La Iglesia cat\u00f3lica venezolana manifest\u00f3 su consternaci\u00f3n por la muerte de 39 migrantes en un incendio desatado en una estaci\u00f3n migratoria de la fronteriza Ciudad Ju\u00e1rez, en M\u00e9xico, y pidi\u00f3 \u201cque se haga justicia\u201d para estas v\u00edctimas.<\/p>\n\n\n\n<p>\u201cSon en su mayor\u00eda j\u00f3venes a quienes hoy lloramos. Pedimos que se haga justicia por estas vidas inmoladas ante la indiferencia de quienes deb\u00edan protegerlos\u201d, expres\u00f3 la Conferencia Episcopal de Venezuela (CEV) en un comunicado.<\/p>\n\n\n\n<p>El incendio ocurri\u00f3 la noche del pasado lunes en una estaci\u00f3n del Instituto Nacional de Migraci\u00f3n (INM) cuando, seg\u00fan la versi\u00f3n del Gobierno, los migrantes prendieron fuego a los colchones en se\u00f1al de protesta tras recibir la notificaci\u00f3n de que ser\u00edan deportados.<br>El Gobierno del estado de Chihuahua subi\u00f3 a 39 la cifra de migrantes muertos e inform\u00f3 que de los 28 migrantes que se encuentran en situaci\u00f3n hospitalaria, tan solo dos est\u00e1n fuera de peligro.<\/p>\n\n\n\n<p>Al respecto, la instituci\u00f3n religiosa expres\u00f3 su \u201csolidaridad y cercan\u00eda\u201d a los familiares de fallecidos y heridos e inst\u00f3 a los Gobiernos involucrados y organismos internacionales a que \u201cbrinden ayuda adecuada a los sobrevivientes\u201d.<\/p>\n\n\n\n<p>\u201cSolo el desarrollo de pol\u00edticas oportunas, que consideren integralmente la realidad migratoria y dignifiquen la vida en los pa\u00edses de expulsi\u00f3n, podr\u00e1 dar respuestas estructurales para que estos dolorosos hechos no sigan repiti\u00e9ndose\u201d, apunt\u00f3 la CEV.<\/p>\n\n\n\n<p>En el escrito, hizo un llamado a la \u201curgente implementaci\u00f3n\u201d de pol\u00edticas consensuadas que respondan a \u201cla crisis de movilidad tan grande como silenciosa\u201d que, asegur\u00f3, vive Latinoam\u00e9rica.<br>El presidente de M\u00e9xico, Andr\u00e9s Manuel L\u00f3pez Obrador, asegur\u00f3 que su Gobierno \u201cno oculta nada\u201d sobre el incidente en la estaci\u00f3n migratoria, en la que, para el momento del incendio, se encontraban detenidos casi 70 migrantes de pa\u00edses como Guatemala, El Salvador, Colombia, Venezuela y Ecuador.<\/p>\n\n\n\n<p>Videos de seguridad filtrados muestran a agentes impasibles mientras migrantes detenidos ped\u00edan que abrieran la puerta, y connacionales de las v\u00edctimas han denunciado que la tragedia \u201cse pudo evitar\u201d.<\/p>\n\n\n\n<p>Seg\u00fan organizaciones civiles mexicanas, 2022 fue el a\u00f1o m\u00e1s tr\u00e1gico para migrantes en M\u00e9xico, pues cerca de 900 murieron en el intento de cruzar sin documentos desde el pa\u00eds hacia Estados Unidos.<\/p>\n","protected":false},"excerpt":{"rendered":"<p>jueves,30 marzo 2023 La iglesia venezolana manifest\u00f3 su consternaci\u00f3n por la muerte de 39 migrantes&#8230;<\/p>\n","protected":false},"author":3,"featured_media":58480,"comment_status":"closed","ping_status":"closed","sticky":false,"template":"","format":"standard","meta":{"footnotes":""},"categories":[5],"tags":[],"class_list":["post-58479","post","type-post","status-publish","format-standard","has-post-thumbnail","hentry","category-internacional"],"_links":{"self":[{"href":"https:\/\/bambapolitica.com.mx\/index.php\/wp-json\/wp\/v2\/posts\/58479","targetHints":{"allow":["GET"]}}],"collection":[{"href":"https:\/\/bambapolitica.com.mx\/index.php\/wp-json\/wp\/v2\/posts"}],"about":[{"href":"https:\/\/bambapolitica.com.mx\/index.php\/wp-json\/wp\/v2\/types\/post"}],"author":[{"embeddable":true,"href":"https:\/\/bambapolitica.com.mx\/index.php\/wp-json\/wp\/v2\/users\/3"}],"replies":[{"embeddable":true,"href":"https:\/\/bambapolitica.com.mx\/index.php\/wp-json\/wp\/v2\/comments?post=58479"}],"version-history":[{"count":1,"href":"https:\/\/bambapolitica.com.mx\/index.php\/wp-json\/wp\/v2\/posts\/58479\/revisions"}],"predecessor-version":[{"id":58481,"href":"https:\/\/bambapolitica.com.mx\/index.php\/wp-json\/wp\/v2\/posts\/58479\/revisions\/58481"}],"wp:featuredmedia":[{"embeddable":true,"href":"https:\/\/bambapolitica.com.mx\/index.php\/wp-json\/wp\/v2\/media\/58480"}],"wp:attachment":[{"href":"https:\/\/bambapolitica.com.mx\/index.php\/wp-json\/wp\/v2\/media?parent=58479"}],"wp:term":[{"taxonomy":"category","embeddable":true,"href":"https:\/\/bambapolitica.com.mx\/index.php\/wp-json\/wp\/v2\/categories?post=58479"},{"taxonomy":"post_tag","embeddable":true,"href":"https:\/\/bambapolitica.com.mx\/index.php\/wp-json\/wp\/v2\/tags?post=58479"}],"curies":[{"name":"wp","href":"https:\/\/api.w.org\/{rel}","templated":true}]}}