{"id":58490,"date":"2023-03-31T09:30:05","date_gmt":"2023-03-31T15:30:05","guid":{"rendered":"http:\/\/bambapolitica.com.mx\/?p=58490"},"modified":"2023-03-31T09:30:08","modified_gmt":"2023-03-31T15:30:08","slug":"agentes-del-inm-protestan-en-ciudad-juarez-por-companeros-detenidos","status":"publish","type":"post","link":"https:\/\/bambapolitica.com.mx\/index.php\/2023\/03\/31\/agentes-del-inm-protestan-en-ciudad-juarez-por-companeros-detenidos\/","title":{"rendered":"Agentes del INM protestan en Ciudad Ju\u00e1rez por compa\u00f1eros detenidos"},"content":{"rendered":"\n<p>viernes,31 marzo 2023<\/p>\n\n\n\n<p>Los agentes del INM se manifestaron en las oficinas centrales del Puente Internacional de C\u00f3rdova-Am\u00e9ricas, que une a M\u00e9xico con Estados Unidos<br>Una decena de agentes del Instituto Nacional de Migraci\u00f3n (INM) protestaron este jueves por la aprehensi\u00f3n de tres de sus compa\u00f1eros detenidos por la Fiscal\u00eda General de la Rep\u00fablica por el caso de los 39 migrantes fallecidos producto de un incendio en el centro migratorio de Ciudad Ju\u00e1rez, frontera con Estados Unidos.<\/p>\n\n\n\n<p>La manifestaci\u00f3n se dio luego de que en la Ciudad de M\u00e9xico autoridades mexicanas informaron que cinco personas fueron detenidas en relaci\u00f3n con la muerte de los migrantes, entre ellos tres funcionarios del INM y dos polic\u00edas de seguridad privada.<\/p>\n\n\n\n<p>Los agentes se manifestaron en las oficinas centrales del Puente Internacional de C\u00f3rdova-Am\u00e9ricas, que une a M\u00e9xico con Estados Unidos, y se\u00f1alaron que la detenci\u00f3n de sus compa\u00f1eros \u201ces injustificada\u201d.<br>Uno de los agentes y quien habl\u00f3 en tono molesto fue Jes\u00fas Ignacio Molina Leyva, quien dijo a EFE que sus compa\u00f1eros \u201chicieron lo que pudieron\u201c.<\/p>\n\n\n\n<p>Explic\u00f3 que en un video que circula en redes sociales se observa \u201ca uno de sus compa\u00f1ero que tom\u00f3 un extinguidor (para combatir el fuego), pero este no funcion\u00f3 adecuadamente y no logr\u00f3 sofocar las llamas\u201c.<\/p>\n\n\n\n<p>Cont\u00f3 que conoce a sus compa\u00f1eros y dijo que \u201cno son inhumanos, hacen su trabajo que les ha sido conferido por la ley de migraci\u00f3n del pa\u00eds\u201d.<\/p>\n\n\n\n<p>Adem\u00e1s, se\u00f1al\u00f3 que los cargos m\u00e1s altos tambi\u00e9n deben ser juzgados.<br>\u201cTodos los comisionados son los primeros que deben de estar en la c\u00e1rcel, no nosotros (agentes) que solo hacemos nuestro trabajo\u201d, abund\u00f3.<\/p>\n\n\n\n<p>El inconforme record\u00f3 que existe un reglamento que se debe de cumplir \u201call\u00e1 est\u00e1n agazapados los cobardes, all\u00e1 est\u00e1 el que debe de hablar (refiri\u00e9ndose al titular del INM de Ciudad Ju\u00e1rez)\u201d.<\/p>\n\n\n\n<p>Este jueves, en su conferencia diaria, el presidente mexicano, Andr\u00e9s Manuel L\u00f3pez Obrador, prometi\u00f3 que no habr\u00e1 impunidad tras el incendio que mat\u00f3 a los migrantes pero evadi\u00f3 responder si renunciar\u00e1 el titular del Instituto Nacional de Migraci\u00f3n (INM), Francisco Gardu\u00f1o, y si la empresa de seguridad privada a cargo de la estaci\u00f3n migratoria pertenece a un c\u00f3nsul de Nicaragua.<br>El escrutinio sobre el Gobierno de M\u00e9xico ha crecido desde el incendio del lunes en una estaci\u00f3n migratoria del INM en Ciudad Ju\u00e1rez, en la frontera con Estados Unidos, donde hab\u00eda casi 70 migrantes de Guatemala, El Salvador, Colombia, Ecuador y Venezuela retenidos para su deportaci\u00f3n.<\/p>\n\n\n\n<p>V\u00eddeos de seguridad filtrados muestran a agentes impasibles mientras migrantes detenidos ped\u00edan que abrieran la puerta, y compatriotas de las v\u00edctimas han denunciado que la tragedia \u201cse pudo evitar\u201d.<\/p>\n\n\n\n<p>L\u00f3pez Obrador tambi\u00e9n evadi\u00f3 exigir la renuncia de Gardu\u00f1o Y\u00e1\u00f1ez, titular del INM, pese a los reclamos de la oposici\u00f3n y defensores de derechos humanos.<\/p>\n\n\n\n<p>La Secretar\u00eda de Seguridad y Protecci\u00f3n Ciudadana (SSPC) anunci\u00f3 el mi\u00e9rcoles que tiene identificados a ocho presuntos responsables del incendio que incluyen a dos agentes federales, un agente estatal de migraci\u00f3n y cinco agentes de la empresa de seguridad privada.<\/p>\n","protected":false},"excerpt":{"rendered":"<p>viernes,31 marzo 2023 Los agentes del INM se manifestaron en las oficinas centrales del Puente&#8230;<\/p>\n","protected":false},"author":3,"featured_media":58491,"comment_status":"closed","ping_status":"closed","sticky":false,"template":"","format":"standard","meta":{"footnotes":""},"categories":[4],"tags":[],"class_list":["post-58490","post","type-post","status-publish","format-standard","has-post-thumbnail","hentry","category-noticias-del-dia"],"_links":{"self":[{"href":"https:\/\/bambapolitica.com.mx\/index.php\/wp-json\/wp\/v2\/posts\/58490","targetHints":{"allow":["GET"]}}],"collection":[{"href":"https:\/\/bambapolitica.com.mx\/index.php\/wp-json\/wp\/v2\/posts"}],"about":[{"href":"https:\/\/bambapolitica.com.mx\/index.php\/wp-json\/wp\/v2\/types\/post"}],"author":[{"embeddable":true,"href":"https:\/\/bambapolitica.com.mx\/index.php\/wp-json\/wp\/v2\/users\/3"}],"replies":[{"embeddable":true,"href":"https:\/\/bambapolitica.com.mx\/index.php\/wp-json\/wp\/v2\/comments?post=58490"}],"version-history":[{"count":1,"href":"https:\/\/bambapolitica.com.mx\/index.php\/wp-json\/wp\/v2\/posts\/58490\/revisions"}],"predecessor-version":[{"id":58492,"href":"https:\/\/bambapolitica.com.mx\/index.php\/wp-json\/wp\/v2\/posts\/58490\/revisions\/58492"}],"wp:featuredmedia":[{"embeddable":true,"href":"https:\/\/bambapolitica.com.mx\/index.php\/wp-json\/wp\/v2\/media\/58491"}],"wp:attachment":[{"href":"https:\/\/bambapolitica.com.mx\/index.php\/wp-json\/wp\/v2\/media?parent=58490"}],"wp:term":[{"taxonomy":"category","embeddable":true,"href":"https:\/\/bambapolitica.com.mx\/index.php\/wp-json\/wp\/v2\/categories?post=58490"},{"taxonomy":"post_tag","embeddable":true,"href":"https:\/\/bambapolitica.com.mx\/index.php\/wp-json\/wp\/v2\/tags?post=58490"}],"curies":[{"name":"wp","href":"https:\/\/api.w.org\/{rel}","templated":true}]}}