{"id":58543,"date":"2023-03-31T12:12:42","date_gmt":"2023-03-31T18:12:42","guid":{"rendered":"http:\/\/bambapolitica.com.mx\/?p=58543"},"modified":"2023-03-31T12:21:48","modified_gmt":"2023-03-31T18:21:48","slug":"me-partio-el-alma-amlo-sobre-tragedia-de-migrantes-en-ciudad-juarez","status":"publish","type":"post","link":"https:\/\/bambapolitica.com.mx\/index.php\/2023\/03\/31\/me-partio-el-alma-amlo-sobre-tragedia-de-migrantes-en-ciudad-juarez\/","title":{"rendered":"\u201cMe parti\u00f3 el alma\u201d: AMLO sobre tragedia de migrantes en Ciudad Ju\u00e1rez"},"content":{"rendered":"\n<p>Viernes, 31 de marzo de 2023<\/p>\n\n\n\n<p>L\u00f3pez Obrador revel\u00f3 que, despu\u00e9s de Tlahuelilpan, le ha dolido mucho el incendio en la estaci\u00f3n migratoria de Ciudad Ju\u00e1rez<br>El presidente Andr\u00e9s Manuel L\u00f3pez Obrador, asegur\u00f3 que el incendio donde murieron 39 migrantes en un centro de detenci\u00f3n del Instituto Nacional de Migraci\u00f3n (INM) en Ciudad Ju\u00e1rez, en el estado de Chihuahua, es es uno de los casos que m\u00e1s le ha afectado en lo que va de su Gobierno.<br>En la conferencia matutina de este viernes en el Sal\u00f3n Tesorer\u00eda de Palacio Nacional, L\u00f3pez Obrador detall\u00f3 que este hecho le \u201cparti\u00f3 el alma\u201d.<\/p>\n\n\n\n<p>\u201cYo les digo algunas cosas, primero, lo doloroso que ha sido este caso para mucha gente y lo confieso, me ha dolido mucho, me ha da\u00f1ado\u201d<br>El mandatario mexicano anunci\u00f3 que visitar\u00e1 este viernes Ciudad Ju\u00e1rez,, tras el incendio que mat\u00f3 el lunes a 39 migrantes, aunque evadi\u00f3 responder si se reunir\u00e1 con los lesionados.<\/p>\n\n\n\n<p>\u201cVoy a estar atendiendo la parte m\u00e9dica, b\u00e1sicamente, lo que me importa m\u00e1s es la atenci\u00f3n a los heridos. No s\u00e9 (si voy a visitar a las v\u00edctimas), pero s\u00ed voy a tener una reuni\u00f3n con los m\u00e9dicos para procurar que no les falte nada, que podamos salvarles la vida, ahora es lo fundamental\u201d, indic\u00f3.<\/p>\n\n\n\n<p>En su rueda de prensa diaria, el mandatario indic\u00f3 que pedir\u00e1 a los m\u00e9dicos \u201cuna revisi\u00f3n de todos los heridos para que no les falte nada\u201d.<\/p>\n\n\n\n<p>Sus declaraciones se producen mientras crece el escrutinio sobre el Gobierno de M\u00e9xico tras el incendio del lunes en una estaci\u00f3n migratoria del Instituto Nacional de Mgiraci\u00f3n (INM) en Ciudad Ju\u00e1rez, en la frontera con Estados Unidos.<\/p>\n\n\n\n<p>Bajo custodia del Estado hab\u00eda casi 70 migrantes de Guatemala, El Salvador, Colombia, Ecuador y Venezuela retenidos para su deportaci\u00f3n.<\/p>\n\n\n\n<p>Entre los 39 migrantes muertos hay seis hondure\u00f1os, siete salvadore\u00f1os, 18 guatemaltecos, un colombiano y siete venezolanos.<\/p>\n\n\n\n<p>Mientras que entre los 28 heridos hay cinco de El Salvador, 10 de Guatemala, ocho de Honduras y cinco de Venezuela.<\/p>\n\n\n\n<p>Emanuel Joaquin Mateo<\/p>\n\n\n\n<p>  <\/p>\n","protected":false},"excerpt":{"rendered":"<p>Viernes, 31 de marzo de 2023 L\u00f3pez Obrador revel\u00f3 que, despu\u00e9s de Tlahuelilpan, le ha&#8230;<\/p>\n","protected":false},"author":3,"featured_media":58545,"comment_status":"closed","ping_status":"closed","sticky":false,"template":"","format":"standard","meta":{"footnotes":""},"categories":[2],"tags":[],"class_list":["post-58543","post","type-post","status-publish","format-standard","has-post-thumbnail","hentry","category-policiaca"],"_links":{"self":[{"href":"https:\/\/bambapolitica.com.mx\/index.php\/wp-json\/wp\/v2\/posts\/58543","targetHints":{"allow":["GET"]}}],"collection":[{"href":"https:\/\/bambapolitica.com.mx\/index.php\/wp-json\/wp\/v2\/posts"}],"about":[{"href":"https:\/\/bambapolitica.com.mx\/index.php\/wp-json\/wp\/v2\/types\/post"}],"author":[{"embeddable":true,"href":"https:\/\/bambapolitica.com.mx\/index.php\/wp-json\/wp\/v2\/users\/3"}],"replies":[{"embeddable":true,"href":"https:\/\/bambapolitica.com.mx\/index.php\/wp-json\/wp\/v2\/comments?post=58543"}],"version-history":[{"count":2,"href":"https:\/\/bambapolitica.com.mx\/index.php\/wp-json\/wp\/v2\/posts\/58543\/revisions"}],"predecessor-version":[{"id":58553,"href":"https:\/\/bambapolitica.com.mx\/index.php\/wp-json\/wp\/v2\/posts\/58543\/revisions\/58553"}],"wp:featuredmedia":[{"embeddable":true,"href":"https:\/\/bambapolitica.com.mx\/index.php\/wp-json\/wp\/v2\/media\/58545"}],"wp:attachment":[{"href":"https:\/\/bambapolitica.com.mx\/index.php\/wp-json\/wp\/v2\/media?parent=58543"}],"wp:term":[{"taxonomy":"category","embeddable":true,"href":"https:\/\/bambapolitica.com.mx\/index.php\/wp-json\/wp\/v2\/categories?post=58543"},{"taxonomy":"post_tag","embeddable":true,"href":"https:\/\/bambapolitica.com.mx\/index.php\/wp-json\/wp\/v2\/tags?post=58543"}],"curies":[{"name":"wp","href":"https:\/\/api.w.org\/{rel}","templated":true}]}}