{"id":58550,"date":"2023-03-31T12:20:04","date_gmt":"2023-03-31T18:20:04","guid":{"rendered":"http:\/\/bambapolitica.com.mx\/?p=58550"},"modified":"2023-03-31T12:20:11","modified_gmt":"2023-03-31T18:20:11","slug":"entregan-a-ee-uu-cuerpos-de-asesinados-en-matamoros-tamaulipas","status":"publish","type":"post","link":"https:\/\/bambapolitica.com.mx\/index.php\/2023\/03\/31\/entregan-a-ee-uu-cuerpos-de-asesinados-en-matamoros-tamaulipas\/","title":{"rendered":"Entregan a EE.UU. cuerpos de asesinados en Matamoros, Tamaulipas"},"content":{"rendered":"\n<p>Viernes, 31 de marzo de 2023<\/p>\n\n\n\n<p>Irving Barrios Mojica, fiscal general de Tamaulipas, inform\u00f3 que concluyeron los estudios forenses a los cad\u00e1veres y se realizaron las acciones jur\u00eddicas<br>Los cuerpos de los dos estadounidenses asesinados en Matamoros, Tamaulipas, fueron entregados este jueves a autoridades diplom\u00e1ticas de Estados Unidos.<br>El hallazgo de los estadounidenses secuestrados en Matamoros<br>Las autoridades mexicanas hallaron en una casa del ejido Tecolote, al oriente del municipio fronterizo que colinda con Texas (EEUU), a los dos sobrevivientes norteamericanos y se extrajeron los cuerpos de dos m\u00e1s que perecieron luego de ser interceptados y retenidos desde el pasado viernes en una zona c\u00e9ntrica de la localidad.<\/p>\n\n\n\n<p>Las fuerzas federales y estatales mexicanas llevaron a cabo un gran despliegue para ubicar y liberar a los secuestrados ante la presi\u00f3n ejercida por el gobierno estadounidense.<\/p>\n\n\n\n<p>El mi\u00e9rcoles fuerzas estatales y federales trasladaron a los sobrevivientes a las instalaciones de la Fiscal\u00eda de Tamaulipas. Posteriormente, fueron entregados a representantes del Consulado General de los Estados Unidos en Matamoros, que los trasladaron hacia Texas.<\/p>\n\n\n\n<p>Ambas personas se encuentran en un hospital de Brownsville, donde reciben tratamiento m\u00e9dico.<\/p>\n\n\n\n<p>Emanuel Joaquin Mateo.<\/p>\n","protected":false},"excerpt":{"rendered":"<p>Viernes, 31 de marzo de 2023 Irving Barrios Mojica, fiscal general de Tamaulipas, inform\u00f3 que&#8230;<\/p>\n","protected":false},"author":3,"featured_media":58551,"comment_status":"closed","ping_status":"closed","sticky":false,"template":"","format":"standard","meta":{"footnotes":""},"categories":[2],"tags":[],"class_list":["post-58550","post","type-post","status-publish","format-standard","has-post-thumbnail","hentry","category-policiaca"],"_links":{"self":[{"href":"https:\/\/bambapolitica.com.mx\/index.php\/wp-json\/wp\/v2\/posts\/58550","targetHints":{"allow":["GET"]}}],"collection":[{"href":"https:\/\/bambapolitica.com.mx\/index.php\/wp-json\/wp\/v2\/posts"}],"about":[{"href":"https:\/\/bambapolitica.com.mx\/index.php\/wp-json\/wp\/v2\/types\/post"}],"author":[{"embeddable":true,"href":"https:\/\/bambapolitica.com.mx\/index.php\/wp-json\/wp\/v2\/users\/3"}],"replies":[{"embeddable":true,"href":"https:\/\/bambapolitica.com.mx\/index.php\/wp-json\/wp\/v2\/comments?post=58550"}],"version-history":[{"count":1,"href":"https:\/\/bambapolitica.com.mx\/index.php\/wp-json\/wp\/v2\/posts\/58550\/revisions"}],"predecessor-version":[{"id":58552,"href":"https:\/\/bambapolitica.com.mx\/index.php\/wp-json\/wp\/v2\/posts\/58550\/revisions\/58552"}],"wp:featuredmedia":[{"embeddable":true,"href":"https:\/\/bambapolitica.com.mx\/index.php\/wp-json\/wp\/v2\/media\/58551"}],"wp:attachment":[{"href":"https:\/\/bambapolitica.com.mx\/index.php\/wp-json\/wp\/v2\/media?parent=58550"}],"wp:term":[{"taxonomy":"category","embeddable":true,"href":"https:\/\/bambapolitica.com.mx\/index.php\/wp-json\/wp\/v2\/categories?post=58550"},{"taxonomy":"post_tag","embeddable":true,"href":"https:\/\/bambapolitica.com.mx\/index.php\/wp-json\/wp\/v2\/tags?post=58550"}],"curies":[{"name":"wp","href":"https:\/\/api.w.org\/{rel}","templated":true}]}}