{"id":58560,"date":"2023-03-31T12:41:13","date_gmt":"2023-03-31T18:41:13","guid":{"rendered":"http:\/\/bambapolitica.com.mx\/?p=58560"},"modified":"2023-03-31T12:41:17","modified_gmt":"2023-03-31T18:41:17","slug":"bukele-asegura-que-ee-uu-no-podra-condenar-persecucion-politica-tras-caso-trump","status":"publish","type":"post","link":"https:\/\/bambapolitica.com.mx\/index.php\/2023\/03\/31\/bukele-asegura-que-ee-uu-no-podra-condenar-persecucion-politica-tras-caso-trump\/","title":{"rendered":"Bukele asegura que EE.UU. no podr\u00e1 condenar \u201cpersecuci\u00f3n pol\u00edtica\u201d tras caso Trump"},"content":{"rendered":"\n<p>Viernes, 31 de marzo de 2023<\/p>\n\n\n\n<p>Bukele sostuvo que Estados Unidos no podr\u00eda condenar la \u201cpersecuci\u00f3n pol\u00edtica\u201d en otros pa\u00edses tras la decisi\u00f3n de un jurado de imputar a Trump<br>El presidente de El Salvador, Nayib Bukele, sostuvo que Estados Unidos no podr\u00eda condenar la \u201cpersecuci\u00f3n pol\u00edtica\u201d en otros pa\u00edses tras la decisi\u00f3n de un jurado de imputar al expresidente estadounidense Donald Trump.<\/p>\n\n\n\n<p>\u201cLamentablemente, ser\u00e1 muy dif\u00edcil para la pol\u00edtica exterior de Estados Unidos usar argumentos como \u2018democracia\u2018 y \u2018elecciones libres y justas\u2019, o tratar de condenar la \u2018persecuci\u00f3n pol\u00edtica\u2018 en otros pa\u00edses, de ahora en adelante\u201d, public\u00f3 el mandatario en Twitter.<\/p>\n\n\n\n<p>En un mensaje previo, Bukele comparti\u00f3 una publicaci\u00f3n de un medio estadounidense que informaba sobre la acusaci\u00f3n. Ambos trinos fueron escritos en ingl\u00e9s.<br>\u201cImag\u00ednense si esto le pasara a un destacado candidato presidencial de la oposici\u00f3n aqu\u00ed en El Salvador\u201c, public\u00f3 el presidente salvadore\u00f1o.<\/p>\n\n\n\n<p>Tras la llegada del dem\u00f3crata Joe Biden a la Casa Blanca, el presidente salvadore\u00f1o ha mantenido una relaci\u00f3n tensa con Estados Unidos, a cuyo Gobierno ha se\u00f1alado de financiar a sus opositores, mientras que en 2019 dijo que Trump era \u201cnice and cool\u201d.<\/p>\n\n\n\n<p>La actual Administraci\u00f3n de Estados Unidos fue una de las m\u00e1s cr\u00edticas con la separaci\u00f3n de los magistrados y del fiscal general por parte del partido de Bukele en el Congreso y sus aliados en 2021.<\/p>\n\n\n\n<p>Tambi\u00e9n conden\u00f3 el cambio de un criterio por la Sala de lo Constitucional que habilitar\u00eda la reelecci\u00f3n inmediata de Bukele, que ha manifestado buscar\u00e1 en 2024.<\/p>\n\n\n\n<p>En septiembre de 2021, la entonces encargada de negocios de Estados Unidos en El Salvador, Jean Manes, dijo que el \u201cfallo es el resultado directo de la decisi\u00f3n del 1 de mayo de la Asamblea Legislativa salvadore\u00f1a de remover inconstitucionalmente a los magistrados en funciones de la Sala de lo Constitucional e instalar reemplazos leales al \u00f3rgano Ejecutivo\u201d.<\/p>\n\n\n\n<p>Un gran jurado de Nueva York vot\u00f3 este jueves imputar al expresidente Donald Trump en una causa relacionada con el pago a la actriz porno Stormy Daniels a cambio de su silencio, seg\u00fan adelant\u00f3 el diario The New York Times y confirmaron minutos despu\u00e9s otros medios.<\/p>\n\n\n\n<p>Emanuel Joaquin Mateo<\/p>\n","protected":false},"excerpt":{"rendered":"<p>Viernes, 31 de marzo de 2023 Bukele sostuvo que Estados Unidos no podr\u00eda condenar la&#8230;<\/p>\n","protected":false},"author":3,"featured_media":58561,"comment_status":"closed","ping_status":"closed","sticky":false,"template":"","format":"standard","meta":{"footnotes":""},"categories":[5],"tags":[],"class_list":["post-58560","post","type-post","status-publish","format-standard","has-post-thumbnail","hentry","category-internacional"],"_links":{"self":[{"href":"https:\/\/bambapolitica.com.mx\/index.php\/wp-json\/wp\/v2\/posts\/58560","targetHints":{"allow":["GET"]}}],"collection":[{"href":"https:\/\/bambapolitica.com.mx\/index.php\/wp-json\/wp\/v2\/posts"}],"about":[{"href":"https:\/\/bambapolitica.com.mx\/index.php\/wp-json\/wp\/v2\/types\/post"}],"author":[{"embeddable":true,"href":"https:\/\/bambapolitica.com.mx\/index.php\/wp-json\/wp\/v2\/users\/3"}],"replies":[{"embeddable":true,"href":"https:\/\/bambapolitica.com.mx\/index.php\/wp-json\/wp\/v2\/comments?post=58560"}],"version-history":[{"count":1,"href":"https:\/\/bambapolitica.com.mx\/index.php\/wp-json\/wp\/v2\/posts\/58560\/revisions"}],"predecessor-version":[{"id":58562,"href":"https:\/\/bambapolitica.com.mx\/index.php\/wp-json\/wp\/v2\/posts\/58560\/revisions\/58562"}],"wp:featuredmedia":[{"embeddable":true,"href":"https:\/\/bambapolitica.com.mx\/index.php\/wp-json\/wp\/v2\/media\/58561"}],"wp:attachment":[{"href":"https:\/\/bambapolitica.com.mx\/index.php\/wp-json\/wp\/v2\/media?parent=58560"}],"wp:term":[{"taxonomy":"category","embeddable":true,"href":"https:\/\/bambapolitica.com.mx\/index.php\/wp-json\/wp\/v2\/categories?post=58560"},{"taxonomy":"post_tag","embeddable":true,"href":"https:\/\/bambapolitica.com.mx\/index.php\/wp-json\/wp\/v2\/tags?post=58560"}],"curies":[{"name":"wp","href":"https:\/\/api.w.org\/{rel}","templated":true}]}}