{"id":58563,"date":"2023-03-31T12:43:43","date_gmt":"2023-03-31T18:43:43","guid":{"rendered":"http:\/\/bambapolitica.com.mx\/?p=58563"},"modified":"2023-03-31T12:43:45","modified_gmt":"2023-03-31T18:43:45","slug":"mike-pence-califica-la-imputacion-de-trump-de-persecucion-politica","status":"publish","type":"post","link":"https:\/\/bambapolitica.com.mx\/index.php\/2023\/03\/31\/mike-pence-califica-la-imputacion-de-trump-de-persecucion-politica\/","title":{"rendered":"Mike Pence califica la imputaci\u00f3n de Trump de \u201cpersecuci\u00f3n pol\u00edtica\u201d"},"content":{"rendered":"\n<p>Viernes, 31 de marzo de 2023<\/p>\n\n\n\n<p>Pence dijo que el hecho de que un expresidente sea imputado por primera vez por un caso de financiaci\u00f3n en campa\u00f1a huele a persecuci\u00f3n pol\u00edtica<br>El exvicepresidente de Estados Unidos y probable candidato a la nominaci\u00f3n republicana para las elecciones presidenciales de 2024 Mike Pence se refiri\u00f3 este jueves a la imputaci\u00f3n del exmandatario Donald Trump (2017-2021) por un gran jurado de Nueva York como una \u201cpersecuci\u00f3n pol\u00edtica\u201d.<\/p>\n\n\n\n<p>En una entrevista con CNN, Pence, vicepresidente en la Administraci\u00f3n de Trump, asegur\u00f3 que \u201cla idea de que un expresidente sea imputado por primera vez en la historia de Estados Unidos por un caso de financiaci\u00f3n en campa\u00f1a huele a persecuci\u00f3n pol\u00edtica\u201d.<\/p>\n\n\n\n<p>\u201cCreo que la gran mayor\u00eda del pueblo estadounidense lo ver\u00e1 as\u00ed\u201d, a\u00f1adi\u00f3.<\/p>\n\n\n\n<p>Trump fue imputado este jueves por parte de un gran jurado por el pago para silenciar a la actriz porno Stormy Daniels durante su campa\u00f1a presidencial de 2016.<\/p>\n\n\n\n<p>Seg\u00fan CNN, el exmandatario se enfrenta a m\u00e1s de 30 cargos relacionados con el fraude comercial y podr\u00eda comparecer ante un juzgado tan pronto como el martes.<\/p>\n\n\n\n<p>Pence dej\u00f3 claro que piensa que no hay \u201cnadie por encima de la ley\u201d, pero que este caso en particular \u201csolo servir\u00e1 para dividir m\u00e1s el pa\u00eds\u201d.<\/p>\n\n\n\n<p>La imputaci\u00f3n de Trump ha generado un aluvi\u00f3n de cr\u00edticas por parte de muchos cargos del Partido Republicano, incluido el presidente de la C\u00e1mara de Representantes, Kevin McCarthy, quien ha sugerido que utilizar\u00e1 el poder de ese \u00f3rgano para \u201cpedir cuentas\u201d al fiscal responsable del caso, Alvin Bragg.<\/p>\n\n\n\n<p>Muchas de las cr\u00edticas se han centrado en el fiscal, que pertenece al Partido Dem\u00f3crata. El propio Pence asegur\u00f3 que Bragg \u201chizo campa\u00f1a\u201d con la promesa de imputar a Trump.<\/p>\n\n\n\n<p>Del lado dem\u00f3crata, la que fuera presidenta de la C\u00e1mara de Representantes antes de McCarthy, Nancy Pelosi, asegur\u00f3 en Twitter que espera que \u201cel expresidente respete el sistema de forma pac\u00edfica\u201d, y record\u00f3 que \u201cnadie est\u00e1 por encima de la ley\u201d.<\/p>\n\n\n\n<p>El presidente del Senado, Chuck Schumer, se mostr\u00f3 m\u00e1s cauto que sus compa\u00f1eros republicanos y pidi\u00f3 que se evite la interferencia pol\u00edtica o la intimidaci\u00f3n en el caso. Schumer asegur\u00f3 que el exmandatario republicano est\u00e1 sujeto \u201ca las mismas leyes que cualquier estadounidense\u201d, seg\u00fan un comunicado de su oficina.<\/p>\n\n\n\n<p>Quien no se ha pronunciado de momento a la noticia es el l\u00edder de los conservadores en el Senado, Mitch McConnell, principal figura de la oposici\u00f3n a Trump dentro del Partido Republicano y frecuente objeto de cr\u00edticas del expresidente.<\/p>\n\n\n\n<p>Emanuel Joaquin Mateo<\/p>\n","protected":false},"excerpt":{"rendered":"<p>Viernes, 31 de marzo de 2023 Pence dijo que el hecho de que un expresidente&#8230;<\/p>\n","protected":false},"author":3,"featured_media":58564,"comment_status":"closed","ping_status":"closed","sticky":false,"template":"","format":"standard","meta":{"footnotes":""},"categories":[5],"tags":[],"class_list":["post-58563","post","type-post","status-publish","format-standard","has-post-thumbnail","hentry","category-internacional"],"_links":{"self":[{"href":"https:\/\/bambapolitica.com.mx\/index.php\/wp-json\/wp\/v2\/posts\/58563","targetHints":{"allow":["GET"]}}],"collection":[{"href":"https:\/\/bambapolitica.com.mx\/index.php\/wp-json\/wp\/v2\/posts"}],"about":[{"href":"https:\/\/bambapolitica.com.mx\/index.php\/wp-json\/wp\/v2\/types\/post"}],"author":[{"embeddable":true,"href":"https:\/\/bambapolitica.com.mx\/index.php\/wp-json\/wp\/v2\/users\/3"}],"replies":[{"embeddable":true,"href":"https:\/\/bambapolitica.com.mx\/index.php\/wp-json\/wp\/v2\/comments?post=58563"}],"version-history":[{"count":1,"href":"https:\/\/bambapolitica.com.mx\/index.php\/wp-json\/wp\/v2\/posts\/58563\/revisions"}],"predecessor-version":[{"id":58565,"href":"https:\/\/bambapolitica.com.mx\/index.php\/wp-json\/wp\/v2\/posts\/58563\/revisions\/58565"}],"wp:featuredmedia":[{"embeddable":true,"href":"https:\/\/bambapolitica.com.mx\/index.php\/wp-json\/wp\/v2\/media\/58564"}],"wp:attachment":[{"href":"https:\/\/bambapolitica.com.mx\/index.php\/wp-json\/wp\/v2\/media?parent=58563"}],"wp:term":[{"taxonomy":"category","embeddable":true,"href":"https:\/\/bambapolitica.com.mx\/index.php\/wp-json\/wp\/v2\/categories?post=58563"},{"taxonomy":"post_tag","embeddable":true,"href":"https:\/\/bambapolitica.com.mx\/index.php\/wp-json\/wp\/v2\/tags?post=58563"}],"curies":[{"name":"wp","href":"https:\/\/api.w.org\/{rel}","templated":true}]}}