{"id":58723,"date":"2023-04-05T09:20:40","date_gmt":"2023-04-05T15:20:40","guid":{"rendered":"http:\/\/bambapolitica.com.mx\/?p=58723"},"modified":"2023-04-05T09:20:41","modified_gmt":"2023-04-05T15:20:41","slug":"fgr-designa-nueva-delegada-en-tlaxcala-asume-el-cargo-esther-nolasco-nunez","status":"publish","type":"post","link":"https:\/\/bambapolitica.com.mx\/index.php\/2023\/04\/05\/fgr-designa-nueva-delegada-en-tlaxcala-asume-el-cargo-esther-nolasco-nunez\/","title":{"rendered":"FGR designa nueva delegada en Tlaxcala; asume el cargo Esther Nolasco N\u00fa\u00f1ez"},"content":{"rendered":"\n<p>Miercoles,5 Abril del 2023<\/p>\n\n\n\n<p>La Fiscal\u00eda General de la Rep\u00fablica (FGR), a trav\u00e9s de la Fiscal\u00eda Especializada de Control Regional (Fecor), design\u00f3 a Mar\u00eda Esther Nolasco N\u00fa\u00f1ez como delegada en Tlaxcala.<\/p>\n\n\n\n<p>Mar\u00eda Esther Nolasco N\u00fa\u00f1ez se ha desempe\u00f1ado como agente del Ministerio P\u00fablico Visitador en la Procuradur\u00eda General de Justicia del Estado de M\u00e9xico, subdirectora Regional de la Unidad Valle Toluca, fiscal Especializada en la Zona Oriente del Valle de M\u00e9xico, y en la Fiscal\u00eda General de la Rep\u00fablica (FGR) como subdelegada de Procedimientos Penales en el Estado de Baja California Sur.<\/p>\n\n\n\n<p>Es licenciada en Derecho por la Universidad Iberoamericana, maestra en Ciencias Penales con especialidad en Medicina Legal y Criminal\u00edstica por la Facultad de Derecho de la Barra Nacional de Abogados, cuenta con una especialidad en Derecho Penal por el Colegio Universitario de M\u00e9xico, tambi\u00e9n es maestra en Seguridad Nacional por el Centro de Estudios Superiores Navales de la Secretar\u00eda de Marina y es doctora en Derecho por la Barra Nacional de Abogados; asimismo, cuenta con amplia experiencia en docencia e impartici\u00f3n de cursos.<\/p>\n\n\n\n<p>Mar\u00eda Esther Nolasco N\u00fa\u00f1ez manifest\u00f3 que trabajar\u00e1 en coordinaci\u00f3n con las autoridades federales, estatales y municipales para mejorar el servicio de procuraci\u00f3n de justicia, perseguir el delito con toda firmeza, actuar siempre con irrestricto apego a derecho y absoluto respeto a los derechos humanos en pro de brindar un mejor servicio institucional en beneficio de la ciudadan\u00eda tlaxcalteca.<\/p>\n\n\n\n<p>En la ceremonia de presentaci\u00f3n y toma de protesta estuvieron presentes el fiscal Especializado de Control Regional y el Coordinador de Supervisi\u00f3n y Control Regional; adem\u00e1s, el coordinador Regional de la Agencia de Investigaci\u00f3n Criminal (AIC) Zona Centro, el jefe regional de la Unidad Administrativa que Integra la Organizaci\u00f3n Regional de la Polic\u00eda Federal Ministerial, el subdelegado Sustantivo y la subdelegada Administrativa, entre otros.<\/p>\n","protected":false},"excerpt":{"rendered":"<p>Miercoles,5 Abril del 2023 La Fiscal\u00eda General de la Rep\u00fablica (FGR), a trav\u00e9s de la&#8230;<\/p>\n","protected":false},"author":3,"featured_media":58724,"comment_status":"closed","ping_status":"closed","sticky":false,"template":"","format":"standard","meta":{"footnotes":""},"categories":[4],"tags":[],"class_list":["post-58723","post","type-post","status-publish","format-standard","has-post-thumbnail","hentry","category-noticias-del-dia"],"_links":{"self":[{"href":"https:\/\/bambapolitica.com.mx\/index.php\/wp-json\/wp\/v2\/posts\/58723","targetHints":{"allow":["GET"]}}],"collection":[{"href":"https:\/\/bambapolitica.com.mx\/index.php\/wp-json\/wp\/v2\/posts"}],"about":[{"href":"https:\/\/bambapolitica.com.mx\/index.php\/wp-json\/wp\/v2\/types\/post"}],"author":[{"embeddable":true,"href":"https:\/\/bambapolitica.com.mx\/index.php\/wp-json\/wp\/v2\/users\/3"}],"replies":[{"embeddable":true,"href":"https:\/\/bambapolitica.com.mx\/index.php\/wp-json\/wp\/v2\/comments?post=58723"}],"version-history":[{"count":1,"href":"https:\/\/bambapolitica.com.mx\/index.php\/wp-json\/wp\/v2\/posts\/58723\/revisions"}],"predecessor-version":[{"id":58725,"href":"https:\/\/bambapolitica.com.mx\/index.php\/wp-json\/wp\/v2\/posts\/58723\/revisions\/58725"}],"wp:featuredmedia":[{"embeddable":true,"href":"https:\/\/bambapolitica.com.mx\/index.php\/wp-json\/wp\/v2\/media\/58724"}],"wp:attachment":[{"href":"https:\/\/bambapolitica.com.mx\/index.php\/wp-json\/wp\/v2\/media?parent=58723"}],"wp:term":[{"taxonomy":"category","embeddable":true,"href":"https:\/\/bambapolitica.com.mx\/index.php\/wp-json\/wp\/v2\/categories?post=58723"},{"taxonomy":"post_tag","embeddable":true,"href":"https:\/\/bambapolitica.com.mx\/index.php\/wp-json\/wp\/v2\/tags?post=58723"}],"curies":[{"name":"wp","href":"https:\/\/api.w.org\/{rel}","templated":true}]}}