{"id":58726,"date":"2023-04-05T09:22:34","date_gmt":"2023-04-05T15:22:34","guid":{"rendered":"http:\/\/bambapolitica.com.mx\/?p=58726"},"modified":"2023-04-05T09:22:38","modified_gmt":"2023-04-05T15:22:38","slug":"auditan-al-senador-juan-zepeda-y-temen-desfalco-a-movimiento-ciudadano","status":"publish","type":"post","link":"https:\/\/bambapolitica.com.mx\/index.php\/2023\/04\/05\/auditan-al-senador-juan-zepeda-y-temen-desfalco-a-movimiento-ciudadano\/","title":{"rendered":"AUDITAN AL SENADOR JUAN ZEPEDA Y TEMEN DESFALCO A MOVIMIENTO CIUDADANO"},"content":{"rendered":"\n<p>Miercoles,5 Abril del 2023<\/p>\n\n\n\n<p>En un ejercicio de transparencia se di\u00f3 a conocer que El senador Juan Zepeda Hern\u00e1ndez est\u00e1 siendo auditado por el presupuesto asignado a su cargo, por el periodo 2022 y se sospecha de malos manejos, cuesti\u00f3n que influy\u00f3, posiblemente, en el rechazo a su candidatura para gobernador del Estado de M\u00e9xico, por el Partido Movimiento Ciudadano.<\/p>\n\n\n\n<p>En un documento que se mostr\u00f3 al portal de reporterosenmovimiento.com hay precisiones sobre que al Partido Movimiento Ciudadano se le di\u00f3 a conocer sobre la auditor\u00eda que se le realizaba al senador Juan Zepeda, por su gesti\u00f3n en el manejo de cierta cantidad de dinero a su cargo del a\u00f1o 2022.<\/p>\n\n\n\n<p>Con fecha de 9 de enero del 2023 Mar\u00eda Teresa Baltazar V\u00e1zquez, Coordinadora Administrativa del grupo parlamentario Movimiento Ciudadano, di\u00f3 contestaci\u00f3n a Jos\u00e9 Salvador Beltr\u00e1n Gonz\u00e1lez, Secretario T\u00e9cnico del Comit\u00e9 de Transparencia del Senado de la Rep\u00fablica, a trav\u00e9s de la Solicitud de reserva : No. 330030322001154 con n\u00famero de oficio : GPMC\/COTPA\/001\/2023, por la petici\u00f3n realizada mediante oficio UETAIP\/LXV\/2361\/2022, del 28 de noviembre de 2022, turnada al Grupo Parlamentario de<br>Movimiento Ciudadano.<br>En dicha contestaci\u00f3n se indica que se les hab\u00eda solicitado, con anterioridad lo siguiente:<br>\u00ab1.- Requiero se me informe al respecto de las oficinas de enlace del Senador Juan Zepeda: su ubicaci\u00f3n (direcci\u00f3n), contratos de arrendamiento, las facturas y\/o recibos, as\u00ed como comprobantes que acrediten los gastos concernientes a \u00abarrendamiento de las oficinas\u00bb y de \u00abconservaci\u00f3n y mantenimiento de las oficinas\u00bb de la oficina de gesti\u00f3n, los cuales debi\u00f3 haber registrado en la partida concerniente a los gastos de operaci\u00f3n de las y los senadores. Solicitando copia del contrato de arrendamiento, las facturas o<br>recibos que acrediten todos estos gastos referidos, de manera detallada y en formato digital. Esto, para el periodo desde inici\u00f3 de labores hasta la fecha.<br>2.- Requiero copias de contratos, facturas y cualquier otro comprobante emitido por el senador, representante del Estado de M\u00e9xico, concernientes a gastos de operaci\u00f3n de forma general y detallada, vi\u00e1ticos, apoyos, y cualquier otro. Esto, de forma adicional a lo solicitado en el primer punto donde se espec\u00edfica solamente sobre las oficinas.\u00bb (Sic)<br>\u00abModalidad preferente de entrega<br>Electr\u00f3nico a trav\u00e9s del sistema de solicitudes de acceso a la informaci\u00f3n de la PNT\u00bb.<br>Por tanto Movimiento Ciudadano dio contestaci\u00f3n a esa solicitud, a trav\u00e9s de la responsable de la Tesorer\u00eda Nacional de la Comisi\u00f3n Operativa Nacional, Mar\u00eda Teresa quien inform\u00f3 que \u00bb la Contralor\u00eda Interna notific\u00f3 la auditor\u00eda con clave AGP- 01\/2022-MC, sobre el ejercicio de recursos p\u00fablicos, asignados por la C\u00e1mara de Senadores al Grupo Parlamentario de Movimiento Ciudadano en el ejercicio presupuestal 2022\u2033.<br>E indic\u00f3 que la Coordinaci\u00f3n Administrativa de Movimiento Ciudadano identific\u00f3 que los<br>contratos, facturas y cualquier otro comprobante emitido por el senador, representante del Estado de M\u00e9xico, concernientes a gastos de operaci\u00f3n de forma general y detallada, vi\u00e1ticos, apoyos, y cualquier otro, requeridos en el punto 2 de la solicitud correspondientes al periodo de enero \u2013 junio 2022, forman parte del proceso de auditor\u00eda se\u00f1alado en el p\u00e1rrafo anterior, \u00bb por tal motivo, con fundamento en los art\u00edculos 113, fracci\u00f3n VI de la Ley General de<br>Transparencia y Acceso a la Informaci\u00f3n P\u00fablica; 110, fracci\u00f3n VI, de la Ley Federal de Transparencia y Acceso a la Informaci\u00f3n P\u00fablica y Lineamiento Vig\u00e9simo Cuarto de los<br>Lineamientos Generales en Materia de Clasificaci\u00f3n y Desclasificaci\u00f3n de la Informaci\u00f3n, la Coordinaci\u00f3n Administrativa de Movimiento Ciudadano reserva toda la documentaci\u00f3n que se<br>encuentra en auditor\u00eda con clave AGP-01\/2022-MC para evitar que su difusi\u00f3n obstaculice las<br>actividades en cuesti\u00f3n.<br>A su vez, esta informaci\u00f3n no puede entregarse porque podr\u00eda alterar o modificar el escenario y<br>los hechos que se investigan y\/o auditan, y anular la oportunidad de realizar las acciones materiales de inspecci\u00f3n, afectando con ello el bien jur\u00eddico protegido a cargo de la autoridad que se traduce en vigilar el correcto uso de los recursos asignados a los Grupos Parlamentarios de acuerdo con las atribuciones que les confiere la normatividad aplicable, por lo tanto, se cancelar\u00eda de manera directa e irreparable la oportunidad de la autoridad investigadora de<br>cumplir con las obligaciones encomendadas a la misma.<br>Teniendo en consideraci\u00f3n los cuatro apartados en los que se desarrolla el proceso verificativo<br>iniciado por la Contralor\u00eda Interna de esta C\u00e1mara que, a su vez, se desdoblan en quince temas<br>espec\u00edficos a analizar y que cada uno de ellos, por su parte abarca una cantidad de informaci\u00f3n<br>importante, se estima que el periodo de reserva de la informaci\u00f3n debe ser 12 meses\u00bb.<br>Adem\u00e1s, le solicit\u00f3 que en la pr\u00f3xima sesi\u00f3n del Comit\u00e9 de Transparencia del Senado de la Rep\u00fablica someta, a consideraci\u00f3n de sus integrantes, la reserva de la informaci\u00f3n que se encuentra en proceso de auditor\u00eda con clave AGP-01\/2022-MC, sobre el<br>ejercicio de recursos p\u00fablicos asignados por la C\u00e1mara de Senadores al Grupo Parlamentario de Movimiento Ciudadano en el ejercicio presupuestal 2022 por un periodo de 12 meses.<br>Posteriormente, qued\u00f3 detenido el tr\u00e1mite aparentemente, ya que se le dio prioridad a la pol\u00e9mica designaci\u00f3n como posible candidato del Partido Movimiento Ciudadano para la gubernatura del Estado de M\u00e9xico.<\/p>\n\n\n\n<p>LA ACTITUD DE JUAN ZEPEDA<\/p>\n\n\n\n<p>Sin embargo el pasado 6 de marzo, en una entrevista Juan Zepeda di\u00f3 a conocer que, luego de conversaciones con su Partido MC, se hab\u00eda decidido ya no participar en la contienda para la gubernatura y mucho menos para alguna coalici\u00f3n con otro partido, por el Edomex, y destac\u00f3 la polarizaci\u00f3n y ataques de los dem\u00e1s partidos pol\u00edticos.<br>El mismo Zepeda asumi\u00f3 la responsabilidad de no participar \u00abAsumo total y absolutamente la responsabilidad y la petici\u00f3n de que tomemos esta decisi\u00f3n, por algo muy sencillo, lo viv\u00ed hace 6 a\u00f1os y s\u00e9 los efectos que causa que te difamen, que te imputen cosas que no son y si se trastoca un proyecto que venimos construyendo en MC para darle una alternativa a los ciudadanos\u201d.<br>Adem\u00e1s de que Reconoci\u00f3 que Partidos de uno y otro lado acusan a MC de hacer el trabajo a su competencia, cuesti\u00f3n que niegan, pues record\u00f3 que en las elecciones del a\u00f1o pasado descalificaron a m\u00e1s no poder a su partido y los acusaron de dividir el voto, de que se sumaran hac\u00eda uno u otro proyecto, los acusaron de estar haci\u00e9ndole el juego a uno u otro mando y los fueron minando paulatinamente, por eso MC \u00bb Hoy va a hacer una valoraci\u00f3n pol\u00edtica para \u201cdar un paso lateral, es decir, no meternos en esta polarizaci\u00f3n que hoy, pues, recorre todo el pa\u00eds\u00bb.<br>Su siguiente paso ser\u00eda pues \u201cUna vez que empecemos a crecer en el Edom\u00e9x nos vamos a ver sometidos al ataque de uno de otro y van a minar el gran proyecto que tenemos para el 24, porque el ciudadano de buena fe est\u00e1 esperando que haya equilibrio \u2026 y no queremos que nos culpen de los resultados que yo dec\u00eda de Sinaloa, Campeche, Sonora\u2026\u201d.<\/p>\n\n\n\n<p>El senador Juan Zepeda, tiene una serie de auditor\u00edas dentro de la bancada de Movimiento Ciudadano, pero se sabe que tambi\u00e9n se audita su gesti\u00f3n como Presidente de MC en el Estado de M\u00e9xico, en d\u00f3nde se dice que maneja, desde 2022, un presupuesto de m\u00e1s de 60 millones anuales en el Partido.<\/p>\n\n\n\n<p>OTRAS SOLICITUDES DE TRANSPARENCIA<\/p>\n\n\n\n<p>Existen otras peticiones de transparencia, en el estado de M\u00e9xico, donde se solicita conocer en qu\u00e9 se ha gastado el presupuesto relativo al g\u00e9nero, que no solo est\u00e1 etiquetado por el IEEM como actividades espec\u00edficas, sino que tambi\u00e9n por estatutos internos MC debe garantizar el 3% del presupuesto anual, para lo mismo Juan Zepeda report\u00f3 la realizaci\u00f3n en 2022 de 17 foros VIRTUALES, cada uno valorado en $60,918.30 pesos, que incluyen, sede del curso, pantalla, cableado, coffe break y atenci\u00f3n a m\u00e1s de 1500 invitados.<br>Sin embargo, todos fueron reportados que se realizaron de manera virtual, por lo que no solo el costo de cada foro se observa evidentemente inflado, sino que vuelve innecesario la mayor\u00eda de los conceptos desglosados para su realizaci\u00f3n.<\/p>\n\n\n\n<p>QUI\u00c9N ES JUAN ZEPEDA?<\/p>\n\n\n\n<p>Juan Manuel Zepeda Hern\u00e1ndez es nativo de Nezahualc\u00f3yotl, Estado de M\u00e9xico, que naci\u00f3 un 10 de noviembre de 1968 y es un abogado y pol\u00edtico mexiquense, exmiembro del Partido de la Revoluci\u00f3n Democr\u00e1tica y ahora pertenece a las filas del Partido Movimiento Ciudadano.<br>Ha fungido en los cargos de Presidente Municipal de Ciudad Nezahualc\u00f3yotl, diputado local en el Congreso del Estado de M\u00e9xico y desde el 1 de septiembre de 2018 es Senador en la LXIV Legislatura del Congreso de la Uni\u00f3n de M\u00e9xico. Tambi\u00e9n ha sido candidato a gobernador del Estado de M\u00e9xico en las Elecciones estatales del Estado de M\u00e9xico de 2017. A partir del mes de septiembre del 2019 se adhiri\u00f3 a las filas del Partido Movimiento Ciudadano, despu\u00e9s de la invitaci\u00f3n formal por parte de Clemente Casta\u00f1eda, dirigente nacional de este partido, en ese entonces, y actualmente es dirigente de su partido en el estado de M\u00e9xico.<\/p>\n\n\n\n<p>En marzo del 2023 anunci\u00f3 su retiro de la contienda electoral para la gubernatura del Estado de M\u00e9xico por MC, pues acusa un pacto entre el PRI y MORENA.<br>En la C\u00e1mara de Senadores tiene la titularidad de la Comisi\u00f3n ordinaria de \u00abAnticorrupci\u00f3n, Transparencia y Participaci\u00f3n Ciudadana\u00bb, junto con<br>la Secretar\u00eda T\u00e9cnica Alma Rosa Ugarte P\u00e9rez.<\/p>\n","protected":false},"excerpt":{"rendered":"<p>Miercoles,5 Abril del 2023 En un ejercicio de transparencia se di\u00f3 a conocer que El&#8230;<\/p>\n","protected":false},"author":3,"featured_media":58727,"comment_status":"closed","ping_status":"closed","sticky":false,"template":"","format":"standard","meta":{"footnotes":""},"categories":[4],"tags":[],"class_list":["post-58726","post","type-post","status-publish","format-standard","has-post-thumbnail","hentry","category-noticias-del-dia"],"_links":{"self":[{"href":"https:\/\/bambapolitica.com.mx\/index.php\/wp-json\/wp\/v2\/posts\/58726","targetHints":{"allow":["GET"]}}],"collection":[{"href":"https:\/\/bambapolitica.com.mx\/index.php\/wp-json\/wp\/v2\/posts"}],"about":[{"href":"https:\/\/bambapolitica.com.mx\/index.php\/wp-json\/wp\/v2\/types\/post"}],"author":[{"embeddable":true,"href":"https:\/\/bambapolitica.com.mx\/index.php\/wp-json\/wp\/v2\/users\/3"}],"replies":[{"embeddable":true,"href":"https:\/\/bambapolitica.com.mx\/index.php\/wp-json\/wp\/v2\/comments?post=58726"}],"version-history":[{"count":1,"href":"https:\/\/bambapolitica.com.mx\/index.php\/wp-json\/wp\/v2\/posts\/58726\/revisions"}],"predecessor-version":[{"id":58728,"href":"https:\/\/bambapolitica.com.mx\/index.php\/wp-json\/wp\/v2\/posts\/58726\/revisions\/58728"}],"wp:featuredmedia":[{"embeddable":true,"href":"https:\/\/bambapolitica.com.mx\/index.php\/wp-json\/wp\/v2\/media\/58727"}],"wp:attachment":[{"href":"https:\/\/bambapolitica.com.mx\/index.php\/wp-json\/wp\/v2\/media?parent=58726"}],"wp:term":[{"taxonomy":"category","embeddable":true,"href":"https:\/\/bambapolitica.com.mx\/index.php\/wp-json\/wp\/v2\/categories?post=58726"},{"taxonomy":"post_tag","embeddable":true,"href":"https:\/\/bambapolitica.com.mx\/index.php\/wp-json\/wp\/v2\/tags?post=58726"}],"curies":[{"name":"wp","href":"https:\/\/api.w.org\/{rel}","templated":true}]}}