{"id":58732,"date":"2023-04-05T09:29:27","date_gmt":"2023-04-05T15:29:27","guid":{"rendered":"http:\/\/bambapolitica.com.mx\/?p=58732"},"modified":"2023-04-05T09:29:28","modified_gmt":"2023-04-05T15:29:28","slug":"propone-alejandra-del-moral-facilidades-y-mejoras-para-usuarios-y-choferes-del-transporte-publico-mexiquense","status":"publish","type":"post","link":"https:\/\/bambapolitica.com.mx\/index.php\/2023\/04\/05\/propone-alejandra-del-moral-facilidades-y-mejoras-para-usuarios-y-choferes-del-transporte-publico-mexiquense\/","title":{"rendered":"Propone Alejandra Del Moral facilidades y mejoras para usuarios y choferes del transporte p\u00fablico mexiquense"},"content":{"rendered":"\n<p>Miercoles,5 Abril del 2023<\/p>\n\n\n\n<p>De ser favorecida con el voto, la candidata de la alianza Va por el Estado de M\u00e9xico implementar\u00e1 licencia y tarjet\u00f3n gratuitos para mujeres choferes de transporte p\u00fablico y la MexiApp, una aplicaci\u00f3n m\u00f3vil que ser\u00e1 segura y gratuita para las y los usuarios, adem\u00e1s de que beneficiar\u00e1 a los choferes de taxis.<\/p>\n\n\n\n<p>Al reunirse con transportistas en el municipio de Ecatepec, la candidata de la alianza Va por el Estado de M\u00e9xico a la gubernatura de la entidad, Alejandra Del Moral Vela, propuso que, de ser favorecida con el voto, implementar\u00e1 licencia y tarjet\u00f3n gratuitos para mujeres choferes de transporte p\u00fablico, adem\u00e1s de otras mejoras para este gremio y las y los usuarios que se desplazan por la entidad.<\/p>\n\n\n\n<p>&#8220;Voy a instalar la ventanilla \u00fanica de atenci\u00f3n al transportista en todas las regiones del Estado de M\u00e9xico, quiero que el gobierno est\u00e9 cerca de ustedes y no que ustedes tengan que ir a buscar las oficinas del gobierno lejos de sus municipios, a muchos kil\u00f3metros de distancia&#8221;, destac\u00f3 en su segundo d\u00eda de campa\u00f1a.<\/p>\n\n\n\n<p>Sostuvo que de ganar el pr\u00f3ximo 4 de junio, habr\u00e1 un pago \u00fanico para obtener licencias y tarjetones para choferes de transporte p\u00fablico y privado con vigencia por seis a\u00f1os y las mujeres choferes de transporte p\u00fablico no pagar\u00e1n licencia ni tarjet\u00f3n, &#8220;porque mi administraci\u00f3n tendr\u00e1 una perspectiva de g\u00e9nero&#8221;.<\/p>\n\n\n\n<p>Dijo que lanzar\u00e1 la MexiApp, una aplicaci\u00f3n m\u00f3vil para el transporte p\u00fablico mexiquense que ser\u00e1 segura y gratuita para los usuarios y dar\u00e1 m\u00e1s trabajo a los choferes de taxis, as\u00ed como una tarjeta de prepago para que sea m\u00e1s barato trasladarse en cualquier modalidad: autob\u00fas, vagonetas, taxis, Mexicable, Mexib\u00fas, tren suburbano y troleb\u00fas.<\/p>\n\n\n\n<p>Ante simpatizantes y militantes reunidos en esta zona del norte de la entidad, la abanderada del PRI-PAN-PRD y Nueva Alianza subray\u00f3 que combatir\u00e1 la chatarrizaci\u00f3n, por lo que impulsar\u00e1 cr\u00e9ditos financieros a bajo costo para cambiar los autobuses y taxis viejos por nuevos.<\/p>\n\n\n\n<p>Otra de sus propuestas es la puesta en marcha de capacitaci\u00f3n y certificaci\u00f3n de choferes del transporte p\u00fablico para mejorar el servicio con perspectiva de g\u00e9nero, por lo que habr\u00e1 mucho respeto a las mujeres y ni\u00f1as, \u201csu seguridad e integridad ser\u00e1n mi prioridad\u201d, enfatiz\u00f3.<\/p>\n\n\n\n<p>Asimismo, Del Moral Vela anunci\u00f3 que de ganar los comicios, unir\u00e1 esfuerzos, capacidades y recursos de los gobiernos municipales con el gobierno estatal y federal para lanzar un programa de cero baches en todas las calles y avenidas de alta movilidad en el Estado de M\u00e9xico, lo que permitir\u00e1 reducir contratiempos y el tiempo de los 22 millones de viajes diarios.<\/p>\n\n\n\n<p>\u201cVoy a trabajar para que las autopistas concesionadas sean m\u00e1s accesibles para todos, que los precios est\u00e9n al alcance de m\u00e1s mexiquenses, para el servicio p\u00fablico y para los particulares. S\u00ed es posible unir la rentabilidad de las v\u00edas, con la capacidad de pago de m\u00e1s usuarios. Eso nos conviene a todos\u201d, expres\u00f3.<\/p>\n\n\n\n<p>Estas propuestas buscan aprovechar lo ya construido en la entidad, con el fin de maximizar su conectividad con el Mexicable y el Tren Suburbano, enfatiz\u00f3 la abanderada aliancista, ante los aplausos y vivas de los asistentes a su segundo evento de este martes.<\/p>\n","protected":false},"excerpt":{"rendered":"<p>Miercoles,5 Abril del 2023 De ser favorecida con el voto, la candidata de la alianza&#8230;<\/p>\n","protected":false},"author":3,"featured_media":58733,"comment_status":"closed","ping_status":"closed","sticky":false,"template":"","format":"standard","meta":{"footnotes":""},"categories":[4],"tags":[],"class_list":["post-58732","post","type-post","status-publish","format-standard","has-post-thumbnail","hentry","category-noticias-del-dia"],"_links":{"self":[{"href":"https:\/\/bambapolitica.com.mx\/index.php\/wp-json\/wp\/v2\/posts\/58732","targetHints":{"allow":["GET"]}}],"collection":[{"href":"https:\/\/bambapolitica.com.mx\/index.php\/wp-json\/wp\/v2\/posts"}],"about":[{"href":"https:\/\/bambapolitica.com.mx\/index.php\/wp-json\/wp\/v2\/types\/post"}],"author":[{"embeddable":true,"href":"https:\/\/bambapolitica.com.mx\/index.php\/wp-json\/wp\/v2\/users\/3"}],"replies":[{"embeddable":true,"href":"https:\/\/bambapolitica.com.mx\/index.php\/wp-json\/wp\/v2\/comments?post=58732"}],"version-history":[{"count":1,"href":"https:\/\/bambapolitica.com.mx\/index.php\/wp-json\/wp\/v2\/posts\/58732\/revisions"}],"predecessor-version":[{"id":58734,"href":"https:\/\/bambapolitica.com.mx\/index.php\/wp-json\/wp\/v2\/posts\/58732\/revisions\/58734"}],"wp:featuredmedia":[{"embeddable":true,"href":"https:\/\/bambapolitica.com.mx\/index.php\/wp-json\/wp\/v2\/media\/58733"}],"wp:attachment":[{"href":"https:\/\/bambapolitica.com.mx\/index.php\/wp-json\/wp\/v2\/media?parent=58732"}],"wp:term":[{"taxonomy":"category","embeddable":true,"href":"https:\/\/bambapolitica.com.mx\/index.php\/wp-json\/wp\/v2\/categories?post=58732"},{"taxonomy":"post_tag","embeddable":true,"href":"https:\/\/bambapolitica.com.mx\/index.php\/wp-json\/wp\/v2\/tags?post=58732"}],"curies":[{"name":"wp","href":"https:\/\/api.w.org\/{rel}","templated":true}]}}