{"id":58735,"date":"2023-04-05T09:34:42","date_gmt":"2023-04-05T15:34:42","guid":{"rendered":"http:\/\/bambapolitica.com.mx\/?p=58735"},"modified":"2023-04-05T09:34:44","modified_gmt":"2023-04-05T15:34:44","slug":"localizan-con-vida-a-periodista-ricardo-villanueva-de-poza-rica","status":"publish","type":"post","link":"https:\/\/bambapolitica.com.mx\/index.php\/2023\/04\/05\/localizan-con-vida-a-periodista-ricardo-villanueva-de-poza-rica\/","title":{"rendered":"Localizan con vida a periodista Ricardo Villanueva de Poza Rica"},"content":{"rendered":"\n<p>Miercoles,5 Abril del 2023<\/p>\n\n\n\n<p>La Comisi\u00f3n Estatal para la Atenci\u00f3n y Protecci\u00f3n de los Periodistas (CEAPP) informa que fue localizado con vida el reportero Ricardo Villanueva Ake, quien hab\u00eda sido privado ilegalmente de la libertad el pasado lunes.<\/p>\n\n\n\n<p>Tras los esfuerzos coordinados de este Organismo Aut\u00f3nomo, de la Secretar\u00eda de Seguridad P\u00fablica del Estado, del Mecanismo Federal de Protecci\u00f3n, de la Fiscal\u00eda General del Estado y de la Guardia Nacional, se logr\u00f3 la ubicaci\u00f3n con vida del comunicador pozarricense.<\/p>\n\n\n\n<p>Una vez se localiz\u00f3, se estableci\u00f3 el protocolo de protecci\u00f3n y la atenci\u00f3n m\u00e9dica inmediata.<\/p>\n\n\n\n<p>La familia agradece las muestras de solidaridad y apoyo por parte de la comunidad period\u00edstica del estado y desde esta CEAPP se reconocen los esfuerzos del Estado para cumplir con el objetivo de localizaci\u00f3n.<\/p>\n\n\n\n<p>Cabe mencionar que durante el operativo se lograron detenciones y aseguramientos gracias al trabajo de inteligencia y de campo.<\/p>\n\n\n\n<p>Las investigaciones al respecto contin\u00faan por parte de la FGE para esclarecer los hechos y dar con todos los responsables del hecho.<\/p>\n","protected":false},"excerpt":{"rendered":"<p>Miercoles,5 Abril del 2023 La Comisi\u00f3n Estatal para la Atenci\u00f3n y Protecci\u00f3n de los Periodistas&#8230;<\/p>\n","protected":false},"author":3,"featured_media":58736,"comment_status":"closed","ping_status":"closed","sticky":false,"template":"","format":"standard","meta":{"footnotes":""},"categories":[1],"tags":[],"class_list":["post-58735","post","type-post","status-publish","format-standard","has-post-thumbnail","hentry","category-uncategorized"],"_links":{"self":[{"href":"https:\/\/bambapolitica.com.mx\/index.php\/wp-json\/wp\/v2\/posts\/58735","targetHints":{"allow":["GET"]}}],"collection":[{"href":"https:\/\/bambapolitica.com.mx\/index.php\/wp-json\/wp\/v2\/posts"}],"about":[{"href":"https:\/\/bambapolitica.com.mx\/index.php\/wp-json\/wp\/v2\/types\/post"}],"author":[{"embeddable":true,"href":"https:\/\/bambapolitica.com.mx\/index.php\/wp-json\/wp\/v2\/users\/3"}],"replies":[{"embeddable":true,"href":"https:\/\/bambapolitica.com.mx\/index.php\/wp-json\/wp\/v2\/comments?post=58735"}],"version-history":[{"count":1,"href":"https:\/\/bambapolitica.com.mx\/index.php\/wp-json\/wp\/v2\/posts\/58735\/revisions"}],"predecessor-version":[{"id":58737,"href":"https:\/\/bambapolitica.com.mx\/index.php\/wp-json\/wp\/v2\/posts\/58735\/revisions\/58737"}],"wp:featuredmedia":[{"embeddable":true,"href":"https:\/\/bambapolitica.com.mx\/index.php\/wp-json\/wp\/v2\/media\/58736"}],"wp:attachment":[{"href":"https:\/\/bambapolitica.com.mx\/index.php\/wp-json\/wp\/v2\/media?parent=58735"}],"wp:term":[{"taxonomy":"category","embeddable":true,"href":"https:\/\/bambapolitica.com.mx\/index.php\/wp-json\/wp\/v2\/categories?post=58735"},{"taxonomy":"post_tag","embeddable":true,"href":"https:\/\/bambapolitica.com.mx\/index.php\/wp-json\/wp\/v2\/tags?post=58735"}],"curies":[{"name":"wp","href":"https:\/\/api.w.org\/{rel}","templated":true}]}}