{"id":58738,"date":"2023-04-05T09:45:10","date_gmt":"2023-04-05T15:45:10","guid":{"rendered":"http:\/\/bambapolitica.com.mx\/?p=58738"},"modified":"2023-04-05T09:45:15","modified_gmt":"2023-04-05T15:45:15","slug":"reingresan-a-hospital-al-piloto-del-globo-aerostatico","status":"publish","type":"post","link":"https:\/\/bambapolitica.com.mx\/index.php\/2023\/04\/05\/reingresan-a-hospital-al-piloto-del-globo-aerostatico\/","title":{"rendered":"Reingresan a hospital al piloto del globo aerost\u00e1tico"},"content":{"rendered":"\n<p>Miercoles,5 Abril del 2023<\/p>\n\n\n\n<p>Se espera que en las pr\u00f3ximas horas sea dado de alta para que pueda ser trasladado a un penal en el Estado de M\u00e9xico.<\/p>\n\n\n\n<p><br>Despu\u00e9s de haber permanecido desde el pasado 2 de abril en el Hospital General de Tulancingo, V\u00edctor \u2018N\u2019, piloto del globo aerost\u00e1tico que sufri\u00f3 un accidente en el que murieron quemadas dos personas, volvi\u00f3 de nueva cuenta al Hospital General de Axapusco.<\/p>\n\n\n\n<p><br>El d\u00eda de hoy por la ma\u00f1ana, personal m\u00e9dico del Hospital General de Tulancingo, decidi\u00f3 darle la alta a V\u00edctor \u2018N\u2019, para que elementos de la Fiscal\u00eda Regional de Tec\u00e1mac lo detuvieran y lo trasladaran ante el m\u00e9dico legista especializado en la Fiscal\u00eda Regional de Texcoco, sin embargo una vez que finaliz\u00f3 la revisi\u00f3n, fue ingresado de nuevo al Hospital General de Axapusco.<\/p>\n\n\n\n<p>V\u00edctor \u2018N\u2019, presenta quemaduras en el 70 por ciento del rostro y en 10 por ciento del cuerpo, as\u00ed como una herida en la garganta por lo cual no puede hablar; se espera que en las pr\u00f3ximas horas sea dado de alta para que pueda ser trasladado a un penal en el Estado de M\u00e9xico.<\/p>\n","protected":false},"excerpt":{"rendered":"<p>Miercoles,5 Abril del 2023 Se espera que en las pr\u00f3ximas horas sea dado de alta&#8230;<\/p>\n","protected":false},"author":3,"featured_media":58739,"comment_status":"closed","ping_status":"closed","sticky":false,"template":"","format":"standard","meta":{"footnotes":""},"categories":[4],"tags":[],"class_list":["post-58738","post","type-post","status-publish","format-standard","has-post-thumbnail","hentry","category-noticias-del-dia"],"_links":{"self":[{"href":"https:\/\/bambapolitica.com.mx\/index.php\/wp-json\/wp\/v2\/posts\/58738","targetHints":{"allow":["GET"]}}],"collection":[{"href":"https:\/\/bambapolitica.com.mx\/index.php\/wp-json\/wp\/v2\/posts"}],"about":[{"href":"https:\/\/bambapolitica.com.mx\/index.php\/wp-json\/wp\/v2\/types\/post"}],"author":[{"embeddable":true,"href":"https:\/\/bambapolitica.com.mx\/index.php\/wp-json\/wp\/v2\/users\/3"}],"replies":[{"embeddable":true,"href":"https:\/\/bambapolitica.com.mx\/index.php\/wp-json\/wp\/v2\/comments?post=58738"}],"version-history":[{"count":1,"href":"https:\/\/bambapolitica.com.mx\/index.php\/wp-json\/wp\/v2\/posts\/58738\/revisions"}],"predecessor-version":[{"id":58740,"href":"https:\/\/bambapolitica.com.mx\/index.php\/wp-json\/wp\/v2\/posts\/58738\/revisions\/58740"}],"wp:featuredmedia":[{"embeddable":true,"href":"https:\/\/bambapolitica.com.mx\/index.php\/wp-json\/wp\/v2\/media\/58739"}],"wp:attachment":[{"href":"https:\/\/bambapolitica.com.mx\/index.php\/wp-json\/wp\/v2\/media?parent=58738"}],"wp:term":[{"taxonomy":"category","embeddable":true,"href":"https:\/\/bambapolitica.com.mx\/index.php\/wp-json\/wp\/v2\/categories?post=58738"},{"taxonomy":"post_tag","embeddable":true,"href":"https:\/\/bambapolitica.com.mx\/index.php\/wp-json\/wp\/v2\/tags?post=58738"}],"curies":[{"name":"wp","href":"https:\/\/api.w.org\/{rel}","templated":true}]}}