{"id":58741,"date":"2023-04-05T09:51:11","date_gmt":"2023-04-05T15:51:11","guid":{"rendered":"http:\/\/bambapolitica.com.mx\/?p=58741"},"modified":"2023-04-05T09:51:13","modified_gmt":"2023-04-05T15:51:13","slug":"delfina-gomez-promete-no-quitar-programas-sociales-para-mujeres-en-caso-de-ganar-eleccion","status":"publish","type":"post","link":"https:\/\/bambapolitica.com.mx\/index.php\/2023\/04\/05\/delfina-gomez-promete-no-quitar-programas-sociales-para-mujeres-en-caso-de-ganar-eleccion\/","title":{"rendered":"Delfina G\u00f3mez promete no quitar programas sociales para mujeres en caso de ganar elecci\u00f3n"},"content":{"rendered":"\n<p>Miercoles,5 Abril del 2023<\/p>\n\n\n\n<p>La candidata de Morena al Edomex dijo que por el contrario habr\u00e1 fortalecimiento de \u00e9stos y se har\u00e1 llegar a las mujeres que m\u00e1s lo necesitan.<br>Delfina G\u00f3mez \u00c1lvarez, candidata de Morena a la gubernatura del Estado de M\u00e9xico, reafirm\u00f3 que los programas sociales para mujeres distribuidos en la entidad mexiquense no ser\u00e1n retirados en caso de que gane la elecci\u00f3n del pr\u00f3ximo 4 de junio.<\/p>\n\n\n\n<p>Durante su visita al municipio de Atizap\u00e1n Santa Cruz, en el Valle de Toluca, inform\u00f3 que ciudadanos le han manifestado que podr\u00eda desaparecer el programa social de la administraci\u00f3n estatal. Al respecto, inform\u00f3 a cientos de asistentes al mitin que no eliminar\u00e1n el esquema, sino que habr\u00e1 de fortalecerlo y hacer que llegue a las mujeres que m\u00e1s lo necesitan.<br>\u201cHan amenazado mucho, sobre a todas las mujeres que cuando llegue la maestra, lo va a quitar. Desde ayer estamos comentando que no es cierto, no se va a quitar, al contrario, se va a fortalecer y se va aumentar el n\u00famero de beneficiadas, pero que realmente sean beneficiadas las mujeres que lo necesiten\u201d, indic\u00f3.<br>Este lunes present\u00f3 en Toluca sus propuestas de trabajo contenido en las: \u2018Propuestas del Pueblo por el Cambio\u2019, documento que incluye ejes de acci\u00f3n en caso de ganar la pr\u00f3xima elecci\u00f3n. La texcocana inform\u00f3 que en el caso particular de Santa Cruz Atizap\u00e1n detectaron niveles de analfabetismo, pobreza y falta de atenci\u00f3n al campo, los cuales prometi\u00f3 atender.<\/p>\n\n\n\n<p>Asimismo, miembros originarios de la comunidad Matlazinca le obsequiaron un cuadro con su imagen, a quienes dijo que regresar\u00eda en las pr\u00f3ximas semanas.<\/p>\n\n\n\n<p>Delfina promete enviar iniciativa para declaratoria de programas universales y Ley Issemym<br>Delfina G\u00f3mez tambi\u00e9n se comprometi\u00f3 a que de ser electa gobernadora del Estado de M\u00e9xico enviar\u00e1 al Congreso local una iniciativa de declaratoria de programas universales para la entidad, con el cual se garantice que lleguen a los diferentes sectores de la poblaci\u00f3n y ser\u00eda a trav\u00e9s de medios electr\u00f3nicos el registro de beneficiarios.<br>\u2033Que no haya ese condicionamiento de que si est\u00e1s conmigo te voy a seguir apoyando, si no est\u00e1s conmigo te castigo. Que todos los programas sean universales y que no exista condicionamiento ni ese control que lo que se tiene ahorita\u2033, dijo durante su discurso G\u00f3mez \u00c1lvarez en su visita en el municipio de Santa Cruz.<br>En este acto tambi\u00e9n indic\u00f3 que revisar\u00e1 la situaci\u00f3n del Instituto de Seguridad Social del Estado de M\u00e9xico y Municipios (Issemym), ya que es insostenible su situaci\u00f3n, pero que debe ir etapa por etapa para rescatar esta instituci\u00f3n.<\/p>\n\n\n\n<p>\u201cVamos a sentarnos para ver, lo que es la Ley Issemym, es algo que nos tiene, no solo muy preocupados si no ocupados. Es un tema que s\u00ed tenemos que atenderlo con toda la responsabilidad, porque tampoco queremos venir a enga\u00f1ar. De venir a decirles, &#8216;lo vamos a solucionar luego luego&#8217;, no. Los que saben de este tema, saben que est\u00e1 muy fuerte econ\u00f3micamente y tenemos que trabajarlo por etapas\u201d.<br>Delfina G\u00f3mez expuso que de llegar a ser la titular del Ejecutivo mexiquense, no habr\u00e1 una serie de despidos masivos, pero s\u00ed se realizar\u00e1 una revisi\u00f3n a los altos sueldos de funcionarios y de plazas de servidores p\u00fablicos innecesarios.<br>\u201cYo en los cargos que he estado le puedo decir, que yo nunca he llegado con esa l\u00ednea pol\u00edtica de correr a todos, porque sabemos que el trabajo es sagrado, sabemos que la familia depende de mucho de un trabajo, pero lo que s\u00ed hacemos, es que cumplan con su trabajo. Que no haya trabajos de m\u00e1s, porque esa es otra propuesta que tenemos, no podemos tener el secretario del secretario\u201d.<\/p>\n","protected":false},"excerpt":{"rendered":"<p>Miercoles,5 Abril del 2023 La candidata de Morena al Edomex dijo que por el contrario&#8230;<\/p>\n","protected":false},"author":3,"featured_media":58742,"comment_status":"closed","ping_status":"closed","sticky":false,"template":"","format":"standard","meta":{"footnotes":""},"categories":[4],"tags":[],"class_list":["post-58741","post","type-post","status-publish","format-standard","has-post-thumbnail","hentry","category-noticias-del-dia"],"_links":{"self":[{"href":"https:\/\/bambapolitica.com.mx\/index.php\/wp-json\/wp\/v2\/posts\/58741","targetHints":{"allow":["GET"]}}],"collection":[{"href":"https:\/\/bambapolitica.com.mx\/index.php\/wp-json\/wp\/v2\/posts"}],"about":[{"href":"https:\/\/bambapolitica.com.mx\/index.php\/wp-json\/wp\/v2\/types\/post"}],"author":[{"embeddable":true,"href":"https:\/\/bambapolitica.com.mx\/index.php\/wp-json\/wp\/v2\/users\/3"}],"replies":[{"embeddable":true,"href":"https:\/\/bambapolitica.com.mx\/index.php\/wp-json\/wp\/v2\/comments?post=58741"}],"version-history":[{"count":1,"href":"https:\/\/bambapolitica.com.mx\/index.php\/wp-json\/wp\/v2\/posts\/58741\/revisions"}],"predecessor-version":[{"id":58743,"href":"https:\/\/bambapolitica.com.mx\/index.php\/wp-json\/wp\/v2\/posts\/58741\/revisions\/58743"}],"wp:featuredmedia":[{"embeddable":true,"href":"https:\/\/bambapolitica.com.mx\/index.php\/wp-json\/wp\/v2\/media\/58742"}],"wp:attachment":[{"href":"https:\/\/bambapolitica.com.mx\/index.php\/wp-json\/wp\/v2\/media?parent=58741"}],"wp:term":[{"taxonomy":"category","embeddable":true,"href":"https:\/\/bambapolitica.com.mx\/index.php\/wp-json\/wp\/v2\/categories?post=58741"},{"taxonomy":"post_tag","embeddable":true,"href":"https:\/\/bambapolitica.com.mx\/index.php\/wp-json\/wp\/v2\/tags?post=58741"}],"curies":[{"name":"wp","href":"https:\/\/api.w.org\/{rel}","templated":true}]}}