{"id":58758,"date":"2023-04-05T12:07:47","date_gmt":"2023-04-05T18:07:47","guid":{"rendered":"http:\/\/bambapolitica.com.mx\/?p=58758"},"modified":"2023-04-06T10:14:55","modified_gmt":"2023-04-06T16:14:55","slug":"suman-7-detenidos-por-enfrentamiento-en-michoacan-que-dejo-2-policias-muertos","status":"publish","type":"post","link":"https:\/\/bambapolitica.com.mx\/index.php\/2023\/04\/05\/suman-7-detenidos-por-enfrentamiento-en-michoacan-que-dejo-2-policias-muertos\/","title":{"rendered":"Suman 7 detenidos por enfrentamiento en Michoac\u00e1n que dej\u00f3 2 polic\u00edas muertos"},"content":{"rendered":"\n<p>jueves, 6 Abril del 2023<\/p>\n\n\n\n<p>La Fiscal\u00eda de Michoac\u00e1n inform\u00f3 la detenci\u00f3n de 7 hombres por el enfrentamiento en Morelia en el que dos polic\u00edas murieron<br>Autoridades de Michoac\u00e1n informaron la detenci\u00f3n de siete personas, derivado del enfrentamiento que dej\u00f3 dos polic\u00edas de Investigaci\u00f3n muertos.<\/p>\n\n\n\n<p>La tarde del 4 de abril elementos del Grupo de Reacci\u00f3n Interinstitucional (GRI) se enfrentaron con civiles armados en el fraccionamiento Misi\u00f3n del Valle de la ciudad de Morelia.<br>Uniformados advirtieron la presencia de un veh\u00edculo relacionado con varias carpetas de investigaci\u00f3n, pero al acercarse a realizar una revisi\u00f3n varios sujetos salieron de un domicilio para agredirlos con armas de fuego.<\/p>\n\n\n\n<p>Los polic\u00edas Yonathan Jorge N. y Edgar Eduardo N. murieron en el acto, en tanto que un elemento de la Guardia Nacional result\u00f3 herido y fue trasladado al Hospital Central Militar de la Ciudad de M\u00e9xico.<\/p>\n\n\n\n<p>En el inmueble de donde salieron los civiles armados fueron detenidas tres personas, en tanto que cuatro m\u00e1s fueron aseguradas en un inmueble contiguo en el que intentaron refugiarse para evadir a la justicia.<br>Las siete personas detenidas son hombres de entre 20 y 40 a\u00f1os de edad, originarios de Huetamo y Morelia.<\/p>\n\n\n\n<p>En la movilizaci\u00f3n fueron aseguradas cinco armas largas y dos cortas, todas de uso exclusivo del Ej\u00e9rcito; adem\u00e1s de cargadores, cartuchos \u00fatiles y equipo t\u00e1ctico.<\/p>\n\n\n\n<p>Tambi\u00e9n presunta mariguana y metanfetamina.<\/p>\n\n\n\n<p>La Fiscal\u00eda General del Estado (FGE) de Michoac\u00e1n abri\u00f3 la carpeta de investigaci\u00f3n correspondiente.<\/p>\n\n\n\n<p>Emanuel Joaqu\u00edn Mateo.<\/p>\n","protected":false},"excerpt":{"rendered":"<p>jueves, 6 Abril del 2023 La Fiscal\u00eda de Michoac\u00e1n inform\u00f3 la detenci\u00f3n de 7 hombres&#8230;<\/p>\n","protected":false},"author":3,"featured_media":58759,"comment_status":"closed","ping_status":"closed","sticky":false,"template":"","format":"standard","meta":{"footnotes":""},"categories":[2],"tags":[],"class_list":["post-58758","post","type-post","status-publish","format-standard","has-post-thumbnail","hentry","category-policiaca"],"_links":{"self":[{"href":"https:\/\/bambapolitica.com.mx\/index.php\/wp-json\/wp\/v2\/posts\/58758","targetHints":{"allow":["GET"]}}],"collection":[{"href":"https:\/\/bambapolitica.com.mx\/index.php\/wp-json\/wp\/v2\/posts"}],"about":[{"href":"https:\/\/bambapolitica.com.mx\/index.php\/wp-json\/wp\/v2\/types\/post"}],"author":[{"embeddable":true,"href":"https:\/\/bambapolitica.com.mx\/index.php\/wp-json\/wp\/v2\/users\/3"}],"replies":[{"embeddable":true,"href":"https:\/\/bambapolitica.com.mx\/index.php\/wp-json\/wp\/v2\/comments?post=58758"}],"version-history":[{"count":2,"href":"https:\/\/bambapolitica.com.mx\/index.php\/wp-json\/wp\/v2\/posts\/58758\/revisions"}],"predecessor-version":[{"id":58814,"href":"https:\/\/bambapolitica.com.mx\/index.php\/wp-json\/wp\/v2\/posts\/58758\/revisions\/58814"}],"wp:featuredmedia":[{"embeddable":true,"href":"https:\/\/bambapolitica.com.mx\/index.php\/wp-json\/wp\/v2\/media\/58759"}],"wp:attachment":[{"href":"https:\/\/bambapolitica.com.mx\/index.php\/wp-json\/wp\/v2\/media?parent=58758"}],"wp:term":[{"taxonomy":"category","embeddable":true,"href":"https:\/\/bambapolitica.com.mx\/index.php\/wp-json\/wp\/v2\/categories?post=58758"},{"taxonomy":"post_tag","embeddable":true,"href":"https:\/\/bambapolitica.com.mx\/index.php\/wp-json\/wp\/v2\/tags?post=58758"}],"curies":[{"name":"wp","href":"https:\/\/api.w.org\/{rel}","templated":true}]}}