{"id":58761,"date":"2023-04-05T12:10:09","date_gmt":"2023-04-05T18:10:09","guid":{"rendered":"http:\/\/bambapolitica.com.mx\/?p=58761"},"modified":"2023-04-06T10:21:52","modified_gmt":"2023-04-06T16:21:52","slug":"exigen-esclarecer-asesinato-de-defensor-de-territorio-en-michoacan","status":"publish","type":"post","link":"https:\/\/bambapolitica.com.mx\/index.php\/2023\/04\/05\/exigen-esclarecer-asesinato-de-defensor-de-territorio-en-michoacan\/","title":{"rendered":"Exigen esclarecer asesinato de defensor de territorio en Michoac\u00e1n"},"content":{"rendered":"\n<p>jueves, 6 Abril del 2023<\/p>\n\n\n\n<p>ONG exigieron justicia por el asesinato del defensor comunitario ind\u00edgena Eustacio Alcal\u00e1 D\u00edaz en Michoac\u00e1n<br>Organizaciones de Derechos Humanos exigieron justicia y el esclarecimiento del asesinato de un defensor del territorio ocurrido en el estado mexicano de Michoac\u00e1n, oeste del pa\u00eds.<\/p>\n\n\n\n<p>Mediante un comunicado, el Centro de Derechos Humanos Miguel Agust\u00edn Pro Ju\u00e1rez (Centro Prodh) y la Red Solidaria de Derechos Humanos indicaron que la comunidad de San Juan Huitzontla, en Michoac\u00e1n, y la familia del defensor comunitario ind\u00edgena Eustacio Alcal\u00e1 D\u00edaz, les informaron de su desaparici\u00f3n el pasado 1 de abril de 2023.<\/p>\n\n\n\n<p>sto, mientras realizaba un servicio de transporte de dicha comunidad a la comunidad de Aquila.<\/p>\n\n\n\n<p>Pero a pesar de las diferentes acciones realizadas para su b\u00fasqueda, el 3 de abril de 2023 se les inform\u00f3 que \u201cel cuerpo de Alcal\u00e1 D\u00edaz fue localizado sin vida, muy cerca del punto se\u00f1alado por la comunidad y donde fue visto por \u00faltima vez por quienes le acompa\u00f1aban al momento de su desaparici\u00f3n\u201d.<\/p>\n\n\n\n<p>El reporte se\u00f1al\u00f3 que Alcal\u00e1 D\u00edaz era defensor comunitario e ind\u00edgena, quien junto a la comunidad de San Juan Huitzontla \u201cimpulsaron un juicio de amparo en contra del otorgamiento de concesiones mineras en su territorio, el cual ganaron y deriv\u00f3 en que actualmente estas se encuentren suspendidas y en proceso de revisi\u00f3n\u201d.<\/p>\n\n\n\n<p>Por ello, las ONG llamaron al Gobierno estatal y federal, as\u00ed como a la Fiscal\u00eda General de Justicia del Estado de Michoac\u00e1n (FGEM) a realizar las investigaciones necesarias para esclarecer los hechos.<br>Adem\u00e1s de generar las condiciones de seguridad en la regi\u00f3n para que tanto la comunidad de San Juan Huitzontla y otras de la regi\u00f3n sigan ejerciendo su labor en la defensa de su tierra y territorio.<\/p>\n\n\n\n<p>Las organizaciones resaltaron en su reporte que los hechos responden a un contexto de inseguridad que en los \u00faltimos meses se han incrementado en la regi\u00f3n.<\/p>\n\n\n\n<p>Record\u00f3 que hace tres meses se conoci\u00f3 de la desaparici\u00f3n de los defensores Ricardo Lagunes y Antonio D\u00edaz Valencia, de quienes sus familiares, hasta la fecha siguen sin tener informaci\u00f3n de su paradero.<\/p>\n\n\n\n<p>El Centro de Derechos Humanos Miguel Agust\u00edn Pro Ju\u00e1rez y la Red Solidaria de Derechos Humanos recordaron que de 2014 a 2021 han sido ejecutados 124 defensores comunitarios del medios ambiente en M\u00e9xico y 58 en la administraci\u00f3n del presidente<\/p>\n\n\n\n<p>Andr\u00e9s Manuel L\u00f3pez Obrador, que inici\u00f3 el 1 de diciembre de 2018, de acuerdo con las cifras del Centro Mexicano de Derecho Ambiental (Cemda).<\/p>\n\n\n\n<p>Emanuel Joaquin Mateo.<\/p>\n","protected":false},"excerpt":{"rendered":"<p>jueves, 6 Abril del 2023 ONG exigieron justicia por el asesinato del defensor comunitario ind\u00edgena&#8230;<\/p>\n","protected":false},"author":3,"featured_media":58762,"comment_status":"closed","ping_status":"closed","sticky":false,"template":"","format":"standard","meta":{"footnotes":""},"categories":[2],"tags":[],"class_list":["post-58761","post","type-post","status-publish","format-standard","has-post-thumbnail","hentry","category-policiaca"],"_links":{"self":[{"href":"https:\/\/bambapolitica.com.mx\/index.php\/wp-json\/wp\/v2\/posts\/58761","targetHints":{"allow":["GET"]}}],"collection":[{"href":"https:\/\/bambapolitica.com.mx\/index.php\/wp-json\/wp\/v2\/posts"}],"about":[{"href":"https:\/\/bambapolitica.com.mx\/index.php\/wp-json\/wp\/v2\/types\/post"}],"author":[{"embeddable":true,"href":"https:\/\/bambapolitica.com.mx\/index.php\/wp-json\/wp\/v2\/users\/3"}],"replies":[{"embeddable":true,"href":"https:\/\/bambapolitica.com.mx\/index.php\/wp-json\/wp\/v2\/comments?post=58761"}],"version-history":[{"count":2,"href":"https:\/\/bambapolitica.com.mx\/index.php\/wp-json\/wp\/v2\/posts\/58761\/revisions"}],"predecessor-version":[{"id":58815,"href":"https:\/\/bambapolitica.com.mx\/index.php\/wp-json\/wp\/v2\/posts\/58761\/revisions\/58815"}],"wp:featuredmedia":[{"embeddable":true,"href":"https:\/\/bambapolitica.com.mx\/index.php\/wp-json\/wp\/v2\/media\/58762"}],"wp:attachment":[{"href":"https:\/\/bambapolitica.com.mx\/index.php\/wp-json\/wp\/v2\/media?parent=58761"}],"wp:term":[{"taxonomy":"category","embeddable":true,"href":"https:\/\/bambapolitica.com.mx\/index.php\/wp-json\/wp\/v2\/categories?post=58761"},{"taxonomy":"post_tag","embeddable":true,"href":"https:\/\/bambapolitica.com.mx\/index.php\/wp-json\/wp\/v2\/tags?post=58761"}],"curies":[{"name":"wp","href":"https:\/\/api.w.org\/{rel}","templated":true}]}}