{"id":58765,"date":"2023-04-05T12:20:07","date_gmt":"2023-04-05T18:20:07","guid":{"rendered":"http:\/\/bambapolitica.com.mx\/?p=58765"},"modified":"2023-04-06T10:22:43","modified_gmt":"2023-04-06T16:22:43","slug":"liberan-a-mando-militar-senalado-por-el-hackeo-a-sedena","status":"publish","type":"post","link":"https:\/\/bambapolitica.com.mx\/index.php\/2023\/04\/05\/liberan-a-mando-militar-senalado-por-el-hackeo-a-sedena\/","title":{"rendered":"Liberan a mando militar se\u00f1alado por el hackeo a Sedena"},"content":{"rendered":"\n<p>jueves, 6 Abril del 2023<\/p>\n\n\n\n<p>Un juez militar otorg\u00f3 la libertad provisional a un teniente coronel de la Sedena, dado que el delito que se le se\u00f1ala no amerita prisi\u00f3n preventiva<br>El teniente coronel Jes\u00fas N., detenido por la filtraci\u00f3n de documentos de la Secretar\u00eda de la Defensa Nacional (Sedena), fue liberado.<\/p>\n\n\n\n<p>Un juez militar le otorg\u00f3 la libertad provisional al considerar que el delito por el que se le acusa no amerita prisi\u00f3n preventiva oficiosa.<\/p>\n\n\n\n<p>Jes\u00fas N. es se\u00f1alado de infracci\u00f3n a los deberes militares, en su modalidad de p\u00e9rdida de informaci\u00f3n militar.<\/p>\n\n\n\n<p>Hab\u00eda sido detenido a finales de marzo, y tras el fallo el teniente coronel sali\u00f3 de la prisi\u00f3n del Campo Militar 1-A de la Sedena.<\/p>\n\n\n\n<p>Mientras tanto contin\u00faan las investigaciones sobre el hackeo a la Sedena, ocurrido en septiembre de 2022.<\/p>\n\n\n\n<p>Emanuel Joaquin Mateo.<\/p>\n","protected":false},"excerpt":{"rendered":"<p>jueves, 6 Abril del 2023 Un juez militar otorg\u00f3 la libertad provisional a un teniente&#8230;<\/p>\n","protected":false},"author":3,"featured_media":58766,"comment_status":"closed","ping_status":"closed","sticky":false,"template":"","format":"standard","meta":{"footnotes":""},"categories":[2],"tags":[],"class_list":["post-58765","post","type-post","status-publish","format-standard","has-post-thumbnail","hentry","category-policiaca"],"_links":{"self":[{"href":"https:\/\/bambapolitica.com.mx\/index.php\/wp-json\/wp\/v2\/posts\/58765","targetHints":{"allow":["GET"]}}],"collection":[{"href":"https:\/\/bambapolitica.com.mx\/index.php\/wp-json\/wp\/v2\/posts"}],"about":[{"href":"https:\/\/bambapolitica.com.mx\/index.php\/wp-json\/wp\/v2\/types\/post"}],"author":[{"embeddable":true,"href":"https:\/\/bambapolitica.com.mx\/index.php\/wp-json\/wp\/v2\/users\/3"}],"replies":[{"embeddable":true,"href":"https:\/\/bambapolitica.com.mx\/index.php\/wp-json\/wp\/v2\/comments?post=58765"}],"version-history":[{"count":2,"href":"https:\/\/bambapolitica.com.mx\/index.php\/wp-json\/wp\/v2\/posts\/58765\/revisions"}],"predecessor-version":[{"id":58816,"href":"https:\/\/bambapolitica.com.mx\/index.php\/wp-json\/wp\/v2\/posts\/58765\/revisions\/58816"}],"wp:featuredmedia":[{"embeddable":true,"href":"https:\/\/bambapolitica.com.mx\/index.php\/wp-json\/wp\/v2\/media\/58766"}],"wp:attachment":[{"href":"https:\/\/bambapolitica.com.mx\/index.php\/wp-json\/wp\/v2\/media?parent=58765"}],"wp:term":[{"taxonomy":"category","embeddable":true,"href":"https:\/\/bambapolitica.com.mx\/index.php\/wp-json\/wp\/v2\/categories?post=58765"},{"taxonomy":"post_tag","embeddable":true,"href":"https:\/\/bambapolitica.com.mx\/index.php\/wp-json\/wp\/v2\/tags?post=58765"}],"curies":[{"name":"wp","href":"https:\/\/api.w.org\/{rel}","templated":true}]}}