{"id":59684,"date":"2023-05-16T18:12:11","date_gmt":"2023-05-17T00:12:11","guid":{"rendered":"http:\/\/bambapolitica.com.mx\/?p=59684"},"modified":"2023-05-16T18:12:14","modified_gmt":"2023-05-17T00:12:14","slug":"primer-ministro-de-peru-acusa-a-amlo-de-atacar-a-su-pais-lo-senala-por-gestion-mediocre-y-autoritaria","status":"publish","type":"post","link":"https:\/\/bambapolitica.com.mx\/index.php\/2023\/05\/16\/primer-ministro-de-peru-acusa-a-amlo-de-atacar-a-su-pais-lo-senala-por-gestion-mediocre-y-autoritaria\/","title":{"rendered":"Primer ministro de Per\u00fa acusa a AMLO de &#8220;atacar&#8221; a su pa\u00eds; lo se\u00f1ala por &#8220;gesti\u00f3n mediocre y autoritaria&#8221;"},"content":{"rendered":"\n<p>Martes 16 mayo de 2023<\/p>\n\n\n\n<h2 class=\"wp-block-heading\">El primer ministro de Per\u00fa, Alberto Ot\u00e1rola, dijo que estos dos mandatarios latinoamericanos, junto con el expresidente Castillo, &#8220;son caimanes del mismo pozo&#8221; y coinciden en sus pol\u00edticas<\/h2>\n\n\n\n<p><a href=\"https:\/\/www.eluniversal.com.mx\/\" target=\"_blank\" rel=\"noreferrer noopener\"><strong>Lima<\/strong><\/a>.- El primer ministro de Per\u00fa, Alberto Ot\u00e1rola, afirm\u00f3 este martes que su pa\u00eds &#8220;est\u00e1 siendo literalmente atacado&#8221; por los presidentes de Colombia,&nbsp;<a href=\"https:\/\/www.eluniversal.com.mx\/tag\/gustavo-petro\/\" target=\"_blank\" rel=\"noreferrer noopener\"><strong>Gustavo Petro<\/strong><\/a>, y de M\u00e9xico,&nbsp;<a href=\"https:\/\/www.eluniversal.com.mx\/tag\/amlo\/\" target=\"_blank\" rel=\"noreferrer noopener\"><strong>Andr\u00e9s Manuel L\u00f3pez Obrador<\/strong><\/a>, quienes han apoyado al exmandatario Pedro Castillo y han criticado el Gobierno de&nbsp;<strong>Dina Boluarte<\/strong>.<\/p>\n\n\n\n<p>&#8220;El pa\u00eds est\u00e1 siendo literalmente atacado por dos presidentes como (el colombiano Gustavo) Petro y (el mexicano Andr\u00e9s Manuel) L\u00f3pez Obrador (&#8230;) Lamentablemente de manera sistem\u00e1tica vienen agrediendo al Per\u00fa y a los peruanos a trav\u00e9s de comentarios inoficiosos que el Gobierno rechaza en\u00e9rgicamente&#8221;, dijo Ot\u00e1rola a la prensa tras participar en una reuni\u00f3n con la Mesa Directiva del Congreso.<\/p>\n\n\n\n<p>Adem\u00e1s, dijo que estos dos mandatarios latinoamericanos, junto con el expresidente Castillo, &#8220;son caimanes del mismo pozo&#8221; y coinciden en sus pol\u00edticas &#8220;<strong>con gestiones mediocres y autoritarias<\/strong>&#8220;.<\/p>\n\n\n\n<p>El jefe de gabinete se refiri\u00f3 a que, desde el Ejecutivo, han presentado un proyecto de ley que permita a la presidenta Boluarte viajar al extranjero y gobernar de manera remota para ejercer la diplomacia presidencial en el exterior.<\/p>\n\n\n\n<p>Una propuesta, que seg\u00fan Ot\u00e1rola, tiene &#8220;una connotaci\u00f3n especial&#8221; por el&nbsp;<strong>contexto internacional mencionado<\/strong>.<\/p>\n\n\n\n<p>&#8220;Debido a esta alta responsabilidad y a la defensa personal que la presidenta de la Rep\u00fablica tiene que hacer sobre nuestro pa\u00eds, es que invocamos el sentido de urgencia al Congreso y estamos seguros de que actuar\u00e1n en consecuencia con este pedido&#8221;, indic\u00f3.<\/p>\n\n\n\n<p>Adelant\u00f3 que tras este encuentro, se reunir\u00e1 este mi\u00e9rcoles con la Comisi\u00f3n de Constituci\u00f3n del Legislativo para presentar de nuevo la propuesta junto con la canciller,&nbsp;<strong>Ana Gervasi<\/strong>.<\/p>\n","protected":false},"excerpt":{"rendered":"<p>Martes 16 mayo de 2023 El primer ministro de Per\u00fa, Alberto Ot\u00e1rola, dijo que estos&#8230;<\/p>\n","protected":false},"author":3,"featured_media":59685,"comment_status":"closed","ping_status":"closed","sticky":true,"template":"","format":"standard","meta":{"footnotes":""},"categories":[5,4],"tags":[],"class_list":["post-59684","post","type-post","status-publish","format-standard","has-post-thumbnail","hentry","category-internacional","category-noticias-del-dia"],"_links":{"self":[{"href":"https:\/\/bambapolitica.com.mx\/index.php\/wp-json\/wp\/v2\/posts\/59684","targetHints":{"allow":["GET"]}}],"collection":[{"href":"https:\/\/bambapolitica.com.mx\/index.php\/wp-json\/wp\/v2\/posts"}],"about":[{"href":"https:\/\/bambapolitica.com.mx\/index.php\/wp-json\/wp\/v2\/types\/post"}],"author":[{"embeddable":true,"href":"https:\/\/bambapolitica.com.mx\/index.php\/wp-json\/wp\/v2\/users\/3"}],"replies":[{"embeddable":true,"href":"https:\/\/bambapolitica.com.mx\/index.php\/wp-json\/wp\/v2\/comments?post=59684"}],"version-history":[{"count":1,"href":"https:\/\/bambapolitica.com.mx\/index.php\/wp-json\/wp\/v2\/posts\/59684\/revisions"}],"predecessor-version":[{"id":59686,"href":"https:\/\/bambapolitica.com.mx\/index.php\/wp-json\/wp\/v2\/posts\/59684\/revisions\/59686"}],"wp:featuredmedia":[{"embeddable":true,"href":"https:\/\/bambapolitica.com.mx\/index.php\/wp-json\/wp\/v2\/media\/59685"}],"wp:attachment":[{"href":"https:\/\/bambapolitica.com.mx\/index.php\/wp-json\/wp\/v2\/media?parent=59684"}],"wp:term":[{"taxonomy":"category","embeddable":true,"href":"https:\/\/bambapolitica.com.mx\/index.php\/wp-json\/wp\/v2\/categories?post=59684"},{"taxonomy":"post_tag","embeddable":true,"href":"https:\/\/bambapolitica.com.mx\/index.php\/wp-json\/wp\/v2\/tags?post=59684"}],"curies":[{"name":"wp","href":"https:\/\/api.w.org\/{rel}","templated":true}]}}