{"id":59687,"date":"2023-05-16T18:15:16","date_gmt":"2023-05-17T00:15:16","guid":{"rendered":"http:\/\/bambapolitica.com.mx\/?p=59687"},"modified":"2023-05-16T18:15:18","modified_gmt":"2023-05-17T00:15:18","slug":"morena-anticipa-parlamento-abierto-sobre-eleccion-de-ministros-de-la-corte-por-voto-popular","status":"publish","type":"post","link":"https:\/\/bambapolitica.com.mx\/index.php\/2023\/05\/16\/morena-anticipa-parlamento-abierto-sobre-eleccion-de-ministros-de-la-corte-por-voto-popular\/","title":{"rendered":"Morena anticipa parlamento abierto sobre elecci\u00f3n de ministros de la Corte por voto popular"},"content":{"rendered":"\n<p>Martes 16 de mayo 2023<\/p>\n\n\n\n<h2 class=\"wp-block-heading\">Ignacio Mier enumer\u00f3 entre los invitados a Diego Valad\u00e9s, Jos\u00e9 Ram\u00f3n Coss\u00edo y &#8220;al fil\u00f3sofo&#8221; Roberto Madrazo.<\/h2>\n\n\n\n<p>La fracci\u00f3n de Morena en la C\u00e1mara de Diputados convocar\u00e1 a \u201cparlamento abierto anticipado\u201d para discutir con especialistas el tema de la elecci\u00f3n de los ministros de la Suprema Corte&nbsp;de Jsticia de la Naci\u00f3n por voto popular y posteriormente presentar, en el mes de agosto, la solicitud de consulta popular en la materia.<\/p>\n\n\n\n<p>As\u00ed lo confirm\u00f3 el coordinador de la bancada morenista, Ignacio Mier, al subrayar que entre los invitados a los foros de debate estar\u00e1n el constitucionalista Diego Valad\u00e9s, el ministro en retiro Jos\u00e9 Ram\u00f3n Coss\u00edo y hasta el ex candidato presidencial priista Roberto Madrazo, quienes a su juicio se han expresado \u201ca priori y sin conocimiento\u201d contra la elecci\u00f3n democr\u00e1tica de los integrantes del m\u00e1ximo tribunal<\/p>\n\n\n\n<p>\u201cVamos a proponerle a todos los que lo han expresado, al fiscal en tiempos de Carlos Salinas, el maestro Diego Valad\u00e9s, que ha expresado a priori, sin tener conocimiento, sin profundizar, sin el rigor que le corresponde a un maestro em\u00e9rito como \u00e9l. Segundo, tambi\u00e9n al litigante (Jos\u00e9 Ram\u00f3n) Coss\u00edo, ex ministro (sic) de la Corte; tambi\u00e9n le\u00ed al fil\u00f3sofo de Villahermosa, don Roberto Madrazo, si no anda en alg\u00fan marat\u00f3n, que pueda venir con nosotros\u201d, dijo.<br><\/p>\n\n\n\n<p>Acompa\u00f1ado en conferencia de prensa por sus correligionarios diputados Juan Ramiro Robledo y Hamlet Garc\u00eda, Mier precis\u00f3 que el parlamento abierto se desarrollar\u00eda durante el actual receso legislativo y hacia finales de agosto se presentar\u00eda ante la Comisi\u00f3n Permanente del Congreso de la Uni\u00f3n la solicitud de consulta popular para que la gente decida si los ministros de la Corte deben ser electos por voto popular.<\/p>\n\n\n\n<p>\u201cEllo, despu\u00e9s de que vengan a darnos su opini\u00f3n y las visiones que se tienen sobre la participaci\u00f3n en un proceso de democracia directa del pueblo de M\u00e9xico\u201d, dijo.<br>El l\u00edder parlamentario de Morena neg\u00f3 que la propuesta de elegir por voto popular a los ministros sea una venganza por la resoluci\u00f3n con que la Corte invalid\u00f3 y declar\u00f3 inconstitucional el llamado Plan B de reforma electoral impulsado por el presidente Andr\u00e9s Manuel L\u00f3pez Obrador.<\/p>\n\n\n\n<p>\u201cNo es venganza, al contrario, yo dir\u00eda que quedarse silenciado en un pa\u00eds democr\u00e1tico despu\u00e9s de lo que hicieron, yo me sentir\u00eda mal, no me ir\u00eda a dormir con la conciencia tranquila como legislador y como coordinador de la mayor\u00eda y como representante, presidente de este poder, que otro poder, sin irse al fondo, violente los procedimientos que le competen exclusivamente\u201d, puntualiz\u00f3.<br>JLMR&nbsp;<br>https:\/\/www.milenio.com\/politica\/morena-anticipa-parlamento-abierto-eleccion-ministros-scjn<\/p>\n","protected":false},"excerpt":{"rendered":"<p>Martes 16 de mayo 2023 Ignacio Mier enumer\u00f3 entre los invitados a Diego Valad\u00e9s, Jos\u00e9&#8230;<\/p>\n","protected":false},"author":3,"featured_media":59688,"comment_status":"closed","ping_status":"closed","sticky":true,"template":"","format":"standard","meta":{"footnotes":""},"categories":[4],"tags":[],"class_list":["post-59687","post","type-post","status-publish","format-standard","has-post-thumbnail","hentry","category-noticias-del-dia"],"_links":{"self":[{"href":"https:\/\/bambapolitica.com.mx\/index.php\/wp-json\/wp\/v2\/posts\/59687","targetHints":{"allow":["GET"]}}],"collection":[{"href":"https:\/\/bambapolitica.com.mx\/index.php\/wp-json\/wp\/v2\/posts"}],"about":[{"href":"https:\/\/bambapolitica.com.mx\/index.php\/wp-json\/wp\/v2\/types\/post"}],"author":[{"embeddable":true,"href":"https:\/\/bambapolitica.com.mx\/index.php\/wp-json\/wp\/v2\/users\/3"}],"replies":[{"embeddable":true,"href":"https:\/\/bambapolitica.com.mx\/index.php\/wp-json\/wp\/v2\/comments?post=59687"}],"version-history":[{"count":1,"href":"https:\/\/bambapolitica.com.mx\/index.php\/wp-json\/wp\/v2\/posts\/59687\/revisions"}],"predecessor-version":[{"id":59689,"href":"https:\/\/bambapolitica.com.mx\/index.php\/wp-json\/wp\/v2\/posts\/59687\/revisions\/59689"}],"wp:featuredmedia":[{"embeddable":true,"href":"https:\/\/bambapolitica.com.mx\/index.php\/wp-json\/wp\/v2\/media\/59688"}],"wp:attachment":[{"href":"https:\/\/bambapolitica.com.mx\/index.php\/wp-json\/wp\/v2\/media?parent=59687"}],"wp:term":[{"taxonomy":"category","embeddable":true,"href":"https:\/\/bambapolitica.com.mx\/index.php\/wp-json\/wp\/v2\/categories?post=59687"},{"taxonomy":"post_tag","embeddable":true,"href":"https:\/\/bambapolitica.com.mx\/index.php\/wp-json\/wp\/v2\/tags?post=59687"}],"curies":[{"name":"wp","href":"https:\/\/api.w.org\/{rel}","templated":true}]}}