{"id":59693,"date":"2023-05-16T18:28:56","date_gmt":"2023-05-17T00:28:56","guid":{"rendered":"http:\/\/bambapolitica.com.mx\/?p=59693"},"modified":"2023-05-16T18:29:03","modified_gmt":"2023-05-17T00:29:03","slug":"actuaremos-con-cuidado-en-el-manejo-de-los-5-mil-mdp-devueltos-amlo","status":"publish","type":"post","link":"https:\/\/bambapolitica.com.mx\/index.php\/2023\/05\/16\/actuaremos-con-cuidado-en-el-manejo-de-los-5-mil-mdp-devueltos-amlo\/","title":{"rendered":"Actuaremos con cuidado en el manejo de los 5 mil mdp devueltos: AMLO"},"content":{"rendered":"\n<p>Martes 16 de mayo 2023 <\/p>\n\n\n\n<p>Tenemos que actuar con cuidado para el manejo de ese dinero\u201d, asegur\u00f3 el presidente Andr\u00e9s Manuel L\u00f3pez Obrador al referirse a lo que su administraci\u00f3n har\u00e1 con los casi 5 mil millones de pesos que el Departamento de Justicia de Estados Unidos confisc\u00f3 a H\u00e9ctor Javier Villarreal Hern\u00e1ndez, ex secretario de Finanzas de Coahuila y titular del Servicio de Administraci\u00f3n Tributaria de esa entidad durante el gobierno del entonces pri\u00edsta Humberto Moreira, y que ser\u00e1n devueltos a M\u00e9xico.<\/p>\n\n\n\n<p>A pregunta expresa sobre cu\u00e1l ser\u00e1 el destino que se d\u00e9 a esos recursos \u2013que el gobierno de esa entidad ya reclam\u00f3\u2014, apunt\u00f3 que \u00e9stos se dirigir\u00e1n al pueblo de Coahuila, no a la actual administraci\u00f3n estatal, a cargo del mandatario Miguel \u00c1ngel Riquelme.<\/p>\n\n\n\n<p>\u201cLlega el dinero a la Fiscal\u00eda (General de la Rep\u00fablica), tenemos que procurar que se maneje bien, estaban diciendo que se les mandara a Coahuila, no, (ser\u00e1) al pueblo de Coahuila s\u00ed, pero tenemos que actuar con cuidado para el manejo de ese dinero. Al pueblo de Coahuila s\u00ed\u201d, apunt\u00f3 el mandatario general en la ma\u00f1anera de este martes.<\/p>\n\n\n\n<p>Detall\u00f3 que la FGR deber\u00e1 entregar esos recursos al Instituto para Devolver al Pueblo lo Robado \u201cy se tiene que hacer un plan: \u00bfC\u00f3mo se le devuelve al pueblo de Coahuila y al pueblo de M\u00e9xico?\u201d.<\/p>\n\n\n\n<p>L\u00f3pez Obrador ejemplific\u00f3 con la venta del avi\u00f3n presidencial, el mes pasado, y que lo obtenido por esa transacci\u00f3n se construir\u00e1n y equipar\u00e1n dos hospitales en dos de las zonas m\u00e1s pobres del pa\u00eds: Tlapa, Guerrero; y Tuxtepec, Oaxaca. \u201cDe alrededor de 800, 900 millones cada uno, ah\u00ed va a quedar en dinero del avi\u00f3n\u201d.<\/p>\n\n\n\n<p>El jefe del Ejecutivo aprovech\u00f3 que se le preguntara en la ma\u00f1anera de este caso para enviar un mensaje a las autoridades estadunidenses. \u201cAprovechamos que lo dices para que se agilice el tr\u00e1mite de la entrega de dinero, no nos vamos a quedar con el anuncio nada m\u00e1s\u201d.<\/p>\n\n\n\n<p><a href=\"https:\/\/www.jornada.com.mx\/notas\/2023\/05\/16\/politica\/actuaremos-con-cuidado-en-el-manejo-de-los-5-mil-mdp-devueltos-amlo\/?from=homeonline&amp;block=primeraojeada\">https:\/\/www.jornada.com.mx\/notas\/2023\/05\/16\/politica\/actuaremos-con-cuidado-en-el-manejo-de-los-5-mil-mdp-devueltos-amlo\/?from=homeonline&amp;block=primeraojeada<\/a><\/p>\n","protected":false},"excerpt":{"rendered":"<p>Martes 16 de mayo 2023 Tenemos que actuar con cuidado para el manejo de ese&#8230;<\/p>\n","protected":false},"author":3,"featured_media":59694,"comment_status":"closed","ping_status":"closed","sticky":true,"template":"","format":"standard","meta":{"footnotes":""},"categories":[4],"tags":[],"class_list":["post-59693","post","type-post","status-publish","format-standard","has-post-thumbnail","hentry","category-noticias-del-dia"],"_links":{"self":[{"href":"https:\/\/bambapolitica.com.mx\/index.php\/wp-json\/wp\/v2\/posts\/59693","targetHints":{"allow":["GET"]}}],"collection":[{"href":"https:\/\/bambapolitica.com.mx\/index.php\/wp-json\/wp\/v2\/posts"}],"about":[{"href":"https:\/\/bambapolitica.com.mx\/index.php\/wp-json\/wp\/v2\/types\/post"}],"author":[{"embeddable":true,"href":"https:\/\/bambapolitica.com.mx\/index.php\/wp-json\/wp\/v2\/users\/3"}],"replies":[{"embeddable":true,"href":"https:\/\/bambapolitica.com.mx\/index.php\/wp-json\/wp\/v2\/comments?post=59693"}],"version-history":[{"count":1,"href":"https:\/\/bambapolitica.com.mx\/index.php\/wp-json\/wp\/v2\/posts\/59693\/revisions"}],"predecessor-version":[{"id":59695,"href":"https:\/\/bambapolitica.com.mx\/index.php\/wp-json\/wp\/v2\/posts\/59693\/revisions\/59695"}],"wp:featuredmedia":[{"embeddable":true,"href":"https:\/\/bambapolitica.com.mx\/index.php\/wp-json\/wp\/v2\/media\/59694"}],"wp:attachment":[{"href":"https:\/\/bambapolitica.com.mx\/index.php\/wp-json\/wp\/v2\/media?parent=59693"}],"wp:term":[{"taxonomy":"category","embeddable":true,"href":"https:\/\/bambapolitica.com.mx\/index.php\/wp-json\/wp\/v2\/categories?post=59693"},{"taxonomy":"post_tag","embeddable":true,"href":"https:\/\/bambapolitica.com.mx\/index.php\/wp-json\/wp\/v2\/tags?post=59693"}],"curies":[{"name":"wp","href":"https:\/\/api.w.org\/{rel}","templated":true}]}}