{"id":59699,"date":"2023-05-16T18:41:15","date_gmt":"2023-05-17T00:41:15","guid":{"rendered":"http:\/\/bambapolitica.com.mx\/?p=59699"},"modified":"2023-05-16T18:41:17","modified_gmt":"2023-05-17T00:41:17","slug":"ligan-a-hermana-de-von-roehrich-con-lavado-de-dinero","status":"publish","type":"post","link":"https:\/\/bambapolitica.com.mx\/index.php\/2023\/05\/16\/ligan-a-hermana-de-von-roehrich-con-lavado-de-dinero\/","title":{"rendered":"Ligan a hermana de Von Roehrich con lavado de dinero"},"content":{"rendered":"\n<p>Martes 16 de mayo 2023<\/p>\n\n\n\n<p>La Fiscal\u00eda de Justicia de la CDMX investiga a Sof\u00eda Soraya, hermana de Christian Von Roehrich, ex Delegado panista de la Benito Ju\u00e1rez, por presuntamente encabezar una red de lavado de dinero.<\/p>\n\n\n\n<p>Mediante una indagatoria de corrupci\u00f3n inmobiliaria en la&nbsp;<strong>Alcald\u00eda Benito Ju\u00e1rez<\/strong>, la Fiscal\u00eda identific\u00f3 que Sof\u00eda Soraya, en complicidad con Nicias Aridjis, ex director de Obras de la Alcald\u00eda, y familiares, habr\u00edan incurrido en el delito operando por s\u00ed e interp\u00f3sita persona a trav\u00e9s de tres empresas de distintos giros.<br><br>Entre las empresas destaca una constructora, de centros educativos privados y una m\u00e1s dedicada a inversiones.<br><br>La dependencia document\u00f3 la participaci\u00f3n de posibles testaferros y empresas fachada para enajenar, adquirir y administrar bienes inmuebles para impedir que se conozca su lugar de origen.<br><br><\/p>\n\n\n\n<p>&#8220;La Fiscal\u00eda General de Justicia cuenta con indicios m\u00e1s claros de esta posible&nbsp;<strong>red de lavado de dinero<\/strong>, la cual estar\u00eda encabezada por Sof\u00eda Soraya &#8216;N&#8217;.<br><br>&#8220;Hermana de un ex Alcalde de Benito Ju\u00e1rez, quien fue aprendida en febrero de este a\u00f1o e investigada por su probable participaci\u00f3n en el delito de asociaci\u00f3n delictuosa&#8221;, coment\u00f3 en un mensaje a medios, Ulises Lara, Vocero de la Fiscal\u00eda.<\/p>\n","protected":false},"excerpt":{"rendered":"<p>Martes 16 de mayo 2023 La Fiscal\u00eda de Justicia de la CDMX investiga a Sof\u00eda&#8230;<\/p>\n","protected":false},"author":3,"featured_media":59700,"comment_status":"closed","ping_status":"closed","sticky":true,"template":"","format":"standard","meta":{"footnotes":""},"categories":[2],"tags":[],"class_list":["post-59699","post","type-post","status-publish","format-standard","has-post-thumbnail","hentry","category-policiaca"],"_links":{"self":[{"href":"https:\/\/bambapolitica.com.mx\/index.php\/wp-json\/wp\/v2\/posts\/59699","targetHints":{"allow":["GET"]}}],"collection":[{"href":"https:\/\/bambapolitica.com.mx\/index.php\/wp-json\/wp\/v2\/posts"}],"about":[{"href":"https:\/\/bambapolitica.com.mx\/index.php\/wp-json\/wp\/v2\/types\/post"}],"author":[{"embeddable":true,"href":"https:\/\/bambapolitica.com.mx\/index.php\/wp-json\/wp\/v2\/users\/3"}],"replies":[{"embeddable":true,"href":"https:\/\/bambapolitica.com.mx\/index.php\/wp-json\/wp\/v2\/comments?post=59699"}],"version-history":[{"count":1,"href":"https:\/\/bambapolitica.com.mx\/index.php\/wp-json\/wp\/v2\/posts\/59699\/revisions"}],"predecessor-version":[{"id":59701,"href":"https:\/\/bambapolitica.com.mx\/index.php\/wp-json\/wp\/v2\/posts\/59699\/revisions\/59701"}],"wp:featuredmedia":[{"embeddable":true,"href":"https:\/\/bambapolitica.com.mx\/index.php\/wp-json\/wp\/v2\/media\/59700"}],"wp:attachment":[{"href":"https:\/\/bambapolitica.com.mx\/index.php\/wp-json\/wp\/v2\/media?parent=59699"}],"wp:term":[{"taxonomy":"category","embeddable":true,"href":"https:\/\/bambapolitica.com.mx\/index.php\/wp-json\/wp\/v2\/categories?post=59699"},{"taxonomy":"post_tag","embeddable":true,"href":"https:\/\/bambapolitica.com.mx\/index.php\/wp-json\/wp\/v2\/tags?post=59699"}],"curies":[{"name":"wp","href":"https:\/\/api.w.org\/{rel}","templated":true}]}}