{"id":59702,"date":"2023-05-16T18:43:54","date_gmt":"2023-05-17T00:43:54","guid":{"rendered":"http:\/\/bambapolitica.com.mx\/?p=59702"},"modified":"2023-05-16T18:43:57","modified_gmt":"2023-05-17T00:43:57","slug":"fuerte-choque-entre-dos-autos-av-rio-de-los-remedios-y-periferico-deja-un-muerto","status":"publish","type":"post","link":"https:\/\/bambapolitica.com.mx\/index.php\/2023\/05\/16\/fuerte-choque-entre-dos-autos-av-rio-de-los-remedios-y-periferico-deja-un-muerto\/","title":{"rendered":"Fuerte choque entre dos autos Av. R\u00edo de los Remedios y Perif\u00e9rico deja un muerto"},"content":{"rendered":"\n<p>Martes 16 de mayo 2023<\/p>\n\n\n\n<h3 class=\"wp-block-heading\">Dos carriles de la v\u00eda fueron acordonados y resguardados por lo que la circulaci\u00f3n se vio afectada durante varias horas<\/h3>\n\n\n\n<p>Nezahualc\u00f3yotl.- Fuerte accidente vehicular en las inmediaciones de la Colonia L\u00e1zaro C\u00e1rdenas<strong>&nbsp;dej\u00f3 como saldo un hombre de 58 a\u00f1os de edad sin vida<\/strong>&nbsp;y un detenido, el cual rendir\u00e1 su declaraci\u00f3n en el Ministerio P\u00fablico.<\/p>\n\n\n\n<p>El choque entre los dos autom\u00f3viles particulares ocurri\u00f3\u00a0<strong>sobre el Anillo Perif\u00e9rico, Avenida R\u00edo de los Remedios justo bajo el puente del Mexiquense,<\/strong>\u00a0a un costado del C\u00e1rcamo de Bombeo con direcci\u00f3n a la capital del pa\u00eds.<\/p>\n\n\n\n<p>De acuerdo con los primeros reportes, el se\u00f1or Ricardo &#8220;N&#8221; quien viajaba a bordo del Chevrolet Corsa color rojo,&nbsp;<strong>condujo sobre una calle en sentido contrario&nbsp;<\/strong>y al tratar de incorporarse a la v\u00eda r\u00e1pida&nbsp;<strong>fue impactado brutalmente de costado<\/strong>&nbsp;y arrastrado varios metros por el conductor de un Toyota Prius color gris oxford que cruzaba por la zona y no pudo detener su avance a tiempo.<\/p>\n\n\n\n<p>El fuerte choque provoc\u00f3 que el hombre, que\u00a0<strong>manejaba el auto rojo y no portaba el cintur\u00f3n de seguridad<\/strong>, fuera proyectado hacia el asiento del copiloto donde qued\u00f3 inconsciente.<\/p>\n\n\n\n<p>Testigos de los hechos dieron aviso a las autoridades, por lo que hasta el punto llegaron polic\u00edas municipales y una ambulancia para brindar los primeros auxilios a las v\u00edctimas.<\/p>\n\n\n\n<p>El conductor del auto gris result\u00f3 ileso gracias a las bolsas de aire que se absorbieron el impacto, desafortunadamente&nbsp;<strong>nada pudieron hacer por Ricardo&nbsp;<\/strong>pues las lesiones que sufri\u00f3 al momento del accidente terminaron con su vida.<\/p>\n\n\n\n<p><img decoding=\"async\" src=\"https:\/\/www.la-prensa.com.mx\/policiaca\/yd14is-choque-mexiquense-luis-barrera.2.jpeg\/alternates\/FREE_720\/choque%20mexiquense%20LUIS%20BARRERA.2.jpeg\" alt=\"\"><\/p>\n\n\n\n<h4 class=\"wp-block-heading\">Foto Luis Barrera | La Prensa<\/h4>\n\n\n\n<p>Dos carriles de la v\u00eda fueron acordonados y resguardados por lo que la circulaci\u00f3n se vio afectada durante varias horas, hasta la zona&nbsp;<strong>llegaron familiares del hoy occiso quienes lloraban su perdida.<\/strong><\/p>\n\n\n\n<p>Peritos de la fiscal\u00eda mexiquense arribaron al punto y tras concluir las diligencias trasladaron el cad\u00e1ver al anfiteatro correspondiente.<\/p>\n\n\n\n<p><a href=\"https:\/\/www.la-prensa.com.mx\/policiaca\/fuerte-choque-entre-dos-autos-av.-rio-de-los-remedios-y-periferico-deja-un-muerto-10074363.html\">https:\/\/www.la-prensa.com.mx\/policiaca\/fuerte-choque-entre-dos-autos-av.-rio-de-los-remedios-y-periferico-deja-un-muerto-10074363.html<\/a><\/p>\n","protected":false},"excerpt":{"rendered":"<p>Martes 16 de mayo 2023 Dos carriles de la v\u00eda fueron acordonados y resguardados por&#8230;<\/p>\n","protected":false},"author":3,"featured_media":59703,"comment_status":"closed","ping_status":"closed","sticky":true,"template":"","format":"standard","meta":{"footnotes":""},"categories":[4],"tags":[],"class_list":["post-59702","post","type-post","status-publish","format-standard","has-post-thumbnail","hentry","category-noticias-del-dia"],"_links":{"self":[{"href":"https:\/\/bambapolitica.com.mx\/index.php\/wp-json\/wp\/v2\/posts\/59702","targetHints":{"allow":["GET"]}}],"collection":[{"href":"https:\/\/bambapolitica.com.mx\/index.php\/wp-json\/wp\/v2\/posts"}],"about":[{"href":"https:\/\/bambapolitica.com.mx\/index.php\/wp-json\/wp\/v2\/types\/post"}],"author":[{"embeddable":true,"href":"https:\/\/bambapolitica.com.mx\/index.php\/wp-json\/wp\/v2\/users\/3"}],"replies":[{"embeddable":true,"href":"https:\/\/bambapolitica.com.mx\/index.php\/wp-json\/wp\/v2\/comments?post=59702"}],"version-history":[{"count":1,"href":"https:\/\/bambapolitica.com.mx\/index.php\/wp-json\/wp\/v2\/posts\/59702\/revisions"}],"predecessor-version":[{"id":59704,"href":"https:\/\/bambapolitica.com.mx\/index.php\/wp-json\/wp\/v2\/posts\/59702\/revisions\/59704"}],"wp:featuredmedia":[{"embeddable":true,"href":"https:\/\/bambapolitica.com.mx\/index.php\/wp-json\/wp\/v2\/media\/59703"}],"wp:attachment":[{"href":"https:\/\/bambapolitica.com.mx\/index.php\/wp-json\/wp\/v2\/media?parent=59702"}],"wp:term":[{"taxonomy":"category","embeddable":true,"href":"https:\/\/bambapolitica.com.mx\/index.php\/wp-json\/wp\/v2\/categories?post=59702"},{"taxonomy":"post_tag","embeddable":true,"href":"https:\/\/bambapolitica.com.mx\/index.php\/wp-json\/wp\/v2\/tags?post=59702"}],"curies":[{"name":"wp","href":"https:\/\/api.w.org\/{rel}","templated":true}]}}