{"id":59719,"date":"2023-05-17T11:53:40","date_gmt":"2023-05-17T17:53:40","guid":{"rendered":"http:\/\/bambapolitica.com.mx\/?p=59719"},"modified":"2023-05-17T11:53:43","modified_gmt":"2023-05-17T17:53:43","slug":"dan-92-anos-de-prision-por-secuestro-a-jose-luis-abarca-ex-alcalde-de-iguala","status":"publish","type":"post","link":"https:\/\/bambapolitica.com.mx\/index.php\/2023\/05\/17\/dan-92-anos-de-prision-por-secuestro-a-jose-luis-abarca-ex-alcalde-de-iguala\/","title":{"rendered":"Dan 92 a\u00f1os de prisi\u00f3n por secuestro a Jos\u00e9 Luis Abarca, ex alcalde de Iguala"},"content":{"rendered":"\n<p>Miercoles 17 de mayo 2023<\/p>\n\n\n\n<h2 class=\"wp-block-heading\">El ex alcalde de Iguala deber\u00e1 pagar una multa de 920 mil 700 pesos por reparaci\u00f3n del da\u00f1o, la cual puede ser sustituida por 15 mil jornadas de trabajo en favor de la comunidad.<\/h2>\n\n\n\n<p>Un juez federal conden\u00f3 a 92 a\u00f1os de prisi\u00f3n a Jos\u00e9 Luis Abarca Vel\u00e1zquez,&nbsp;ex alcalde de Iguala, Guerrero,&nbsp;por ser penalmente responsable del delito de secuestro de seis integrantes del Movimiento Campesino Unidad Popular, entre ellos, el perredista Arturo Hern\u00e1ndez Cardona.<\/p>\n\n\n\n<p>La sentencia fue dictada por Samuel Ventura Ramos, juez Primero de Distrito de Procesos Penales Federales con residencia en Matamoros, Tamaulipas, quien absolvi\u00f3 a Abarca Vel\u00e1zquez del delito de delincuencia organizada porque la Fiscal\u00eda General de la Rep\u00fablica (FGR) no pudo acreditar su relaci\u00f3n con el grupo criminal de Guerreros Unidos, responsable de la desaparici\u00f3n de los 43 normalistas de Ayotzinapa.<\/p>\n\n\n\n<p>El ex alcalde de Iguala deber\u00e1 pagar una multa de 920 mil 700 pesos por reparaci\u00f3n del da\u00f1o, la cual puede ser sustituida por 15 mil jornadas de trabajo en favor de la comunidad.<\/p>\n\n\n\n<p>Ambos casos forman parte de la causa penal 100\/2014, donde se se\u00f1al\u00f3 que Jos\u00e9 Luis Abarca orden\u00f3 el secuestro de seis personas, entre ellos, Arturo Hern\u00e1ndez Cardona, \u00c1ngel Rom\u00e1n Ram\u00edrez, Rafael Balderas Rom\u00e1n, H\u00e9ctor Arroyo Delgado, Efra\u00edn Amates Luna y Nicol\u00e1s Mendoza Villa, el 30 de mayo de 2013, en Iguala.<\/p>\n\n\n\n<p>El asunto estuvo archivado porque en su momento no se acredit\u00f3 la participaci\u00f3n de Abarca Vel\u00e1zquez.\u00a0Sin embargo, tras la desaparici\u00f3n de los normalistas de Ayotzinapa, el 26 y 27 de septiembre de 2014, el asunto se reactiv\u00f3, porque se tom\u00f3 una declaraci\u00f3n al chofer de Hern\u00e1ndez Cardona, quien asegur\u00f3 que tambi\u00e9n hab\u00eda sido privado de la libertad y asegur\u00f3 que el entonces alcalde de Iguala estaba involucrado en el plagio de su jefe.<\/p>\n\n\n\n<p>Los funcionarios consultados comentaron que la defensa del ex alcalde argument\u00f3 que este asunto es del orden local y no hay alg\u00fan indicio de que su cliente haya cometido el secuestro o solicitado un rescate; y que mucho menos debi\u00f3 formar parte de la causa penal que tiene que ver con la desaparici\u00f3n de los estudiantes.<\/p>\n\n\n\n<p>Pese a ello, el asunto fue consignado en el \u00e1mbito federal y ahora el juez lo conden\u00f3 por dicho delito, sentencia que no est\u00e1 firme porque ya fue impugnada ante un Tribunal Colegiado de Apelaci\u00f3n.<\/p>\n\n\n\n<p>Es de mencionar que, en septiembre de 2022, la FGR consign\u00f3 otro expediente contra Abarca Vel\u00e1zquez y su esposa Mar\u00eda de los \u00c1ngeles Pineda Villa, por su presunta responsabilidad en el delito de delincuencia organizada, en su modalidad de delitos contra la salud, por su supuesta relaci\u00f3n con el grupo criminal Guerreros Unidos.<\/p>\n\n\n\n<p>Enrique Beltr\u00e1n Santes, juez Segundo de Distrito de Procesos Penales Federales en el Estado de M\u00e9xico, tambi\u00e9n sujet\u00f3 a proceso penal al ex secretario de Seguridad P\u00fablica de Iguala, Felipe Flores Vel\u00e1zquez, por los probables delitos de desaparici\u00f3n forzada y delincuencia organizada.<\/p>\n\n\n\n<p>En este asunto, Jos\u00e9 Luis Abarca y Pineda Villa fueron se\u00f1alados por el testigo protegido con nombre clave \u201cJuan\u201d, quien es el ex jefe de sicarios de Guerreros Unidos, Gildardo L\u00f3pez Astudillo, El Gil, y que asegur\u00f3 que el matrimonio brind\u00f3 protecci\u00f3n a la organizaci\u00f3n criminal.<\/p>\n\n\n\n<p>Asimismo, la Fiscal\u00eda General de la Rep\u00fablica (FGR) utiliz\u00f3 como prueba los testimonios de la testigo colaboradora con nombre clave \u201cKarla\u201d.&nbsp;Mientras que, contra Felipe Flores, han declarado alrededor de 20 testigos en el sentido de que el ex funcionario tambi\u00e9n otorgaba protecci\u00f3n a Guerreros Unidos.<br>https:\/\/www.milenio.com\/policia\/jose-luis-abarca-alcalde-iguala-sentenciado-secuestro<\/p>\n","protected":false},"excerpt":{"rendered":"<p>Miercoles 17 de mayo 2023 El ex alcalde de Iguala deber\u00e1 pagar una multa de&#8230;<\/p>\n","protected":false},"author":3,"featured_media":59720,"comment_status":"closed","ping_status":"closed","sticky":true,"template":"","format":"standard","meta":{"footnotes":""},"categories":[2],"tags":[],"class_list":["post-59719","post","type-post","status-publish","format-standard","has-post-thumbnail","hentry","category-policiaca"],"_links":{"self":[{"href":"https:\/\/bambapolitica.com.mx\/index.php\/wp-json\/wp\/v2\/posts\/59719","targetHints":{"allow":["GET"]}}],"collection":[{"href":"https:\/\/bambapolitica.com.mx\/index.php\/wp-json\/wp\/v2\/posts"}],"about":[{"href":"https:\/\/bambapolitica.com.mx\/index.php\/wp-json\/wp\/v2\/types\/post"}],"author":[{"embeddable":true,"href":"https:\/\/bambapolitica.com.mx\/index.php\/wp-json\/wp\/v2\/users\/3"}],"replies":[{"embeddable":true,"href":"https:\/\/bambapolitica.com.mx\/index.php\/wp-json\/wp\/v2\/comments?post=59719"}],"version-history":[{"count":1,"href":"https:\/\/bambapolitica.com.mx\/index.php\/wp-json\/wp\/v2\/posts\/59719\/revisions"}],"predecessor-version":[{"id":59721,"href":"https:\/\/bambapolitica.com.mx\/index.php\/wp-json\/wp\/v2\/posts\/59719\/revisions\/59721"}],"wp:featuredmedia":[{"embeddable":true,"href":"https:\/\/bambapolitica.com.mx\/index.php\/wp-json\/wp\/v2\/media\/59720"}],"wp:attachment":[{"href":"https:\/\/bambapolitica.com.mx\/index.php\/wp-json\/wp\/v2\/media?parent=59719"}],"wp:term":[{"taxonomy":"category","embeddable":true,"href":"https:\/\/bambapolitica.com.mx\/index.php\/wp-json\/wp\/v2\/categories?post=59719"},{"taxonomy":"post_tag","embeddable":true,"href":"https:\/\/bambapolitica.com.mx\/index.php\/wp-json\/wp\/v2\/tags?post=59719"}],"curies":[{"name":"wp","href":"https:\/\/api.w.org\/{rel}","templated":true}]}}