{"id":59722,"date":"2023-05-17T11:57:05","date_gmt":"2023-05-17T17:57:05","guid":{"rendered":"http:\/\/bambapolitica.com.mx\/?p=59722"},"modified":"2023-05-17T11:57:08","modified_gmt":"2023-05-17T17:57:08","slug":"amlo-anuncia-despliegue-de-la-gn-para-encontrar-a-migrantes-secuestrados-en-matehuala-slp","status":"publish","type":"post","link":"https:\/\/bambapolitica.com.mx\/index.php\/2023\/05\/17\/amlo-anuncia-despliegue-de-la-gn-para-encontrar-a-migrantes-secuestrados-en-matehuala-slp\/","title":{"rendered":"AMLO anuncia despliegue de la GN para encontrar a migrantes secuestrados en Matehuala, SLP"},"content":{"rendered":"\n<p>Miercoles 17 de mayo 2023<\/p>\n\n\n\n<h2 class=\"wp-block-heading\">El Presidente inform\u00f3 que \u201cya se encontraron algunos y se tiene identificado el sitio\u201d<\/h2>\n\n\n\n<p>El presidente Andr\u00e9s Manuel L\u00f3pez Obrador inform\u00f3 que hay un&nbsp;<strong>despliegue de elementos<\/strong>&nbsp;de la Guardia Nacional para encontrar a los&nbsp;<a href=\"https:\/\/www.eluniversal.com.mx\/tag\/migrantes\/\" target=\"_blank\" rel=\"noreferrer noopener\"><strong>m\u00e1s de 50 migrantes secuestrados<\/strong><\/a>&nbsp;en Matehuala, San Luis Potos\u00ed, \u201cya se encontraron algunos y se tiene identificado el sitio\u201d.<\/p>\n\n\n\n<p>\u201cSe est\u00e1 atendiendo lo del secuestro de migrantes en&nbsp;<a href=\"https:\/\/www.eluniversal.com.mx\/nacion\/\" target=\"_blank\" rel=\"noreferrer noopener\"><strong>Matehuala<\/strong><\/a>, se inform\u00f3 ayer, ya se encontraron a algunos, ya se tiene identificado el sitio, hay un despliegue de la&nbsp;<strong>Guardia Nacional<\/strong>, y esperemos rescatarlos\u201d, inform\u00f3.<\/p>\n\n\n\n<p>En conferencia de prensa, el presidente<a rel=\"noreferrer noopener\" href=\"https:\/\/www.eluniversal.com.mx\/tag\/amlo\/\" target=\"_blank\"><strong>\u00a0L\u00f3pez Obrador<\/strong><\/a>dijo que se habla de 50 migrantes secuestrados, pero su gobierno est\u00e1 trabajando en localizarlos.<\/p>\n\n\n\n<p>\u201cOriginalmente se habla de 50, los choferes, pero estamos en eso, no podemos decir m\u00e1s por razones obvias, pero se est\u00e1 trabajando&#8221;, dijo.<\/p>\n\n\n\n<p>El Mandatario reconoci\u00f3 que esta privaci\u00f3n ilegal de la libertad de migrantes est\u00e1<strong>&nbsp;vinculada a otros casos&nbsp;<\/strong>que se han reportado en Matehuala, donde operan bandas del crimen organizado.<\/p>\n\n\n\n<p>\u201cS\u00ed (est\u00e1 vinculado), s\u00ed porque es la misma zona y son dos o tres caso, se est\u00e1 investigando\u201d, dijo<\/p>\n\n\n\n<p><a href=\"https:\/\/www.eluniversal.com.mx\/nacion\/amlo-anuncia-despliegue-de-la-gn-para-encontrar-a-migrantes-secuestrados-en-matehuala-slp\/\">https:\/\/www.eluniversal.com.mx\/nacion\/amlo-anuncia-despliegue-de-la-gn-para-encontrar-a-migrantes-secuestrados-en-matehuala-slp\/<\/a><\/p>\n","protected":false},"excerpt":{"rendered":"<p>Miercoles 17 de mayo 2023 El Presidente inform\u00f3 que \u201cya se encontraron algunos y se&#8230;<\/p>\n","protected":false},"author":3,"featured_media":59723,"comment_status":"closed","ping_status":"closed","sticky":true,"template":"","format":"standard","meta":{"footnotes":""},"categories":[4],"tags":[],"class_list":["post-59722","post","type-post","status-publish","format-standard","has-post-thumbnail","hentry","category-noticias-del-dia"],"_links":{"self":[{"href":"https:\/\/bambapolitica.com.mx\/index.php\/wp-json\/wp\/v2\/posts\/59722","targetHints":{"allow":["GET"]}}],"collection":[{"href":"https:\/\/bambapolitica.com.mx\/index.php\/wp-json\/wp\/v2\/posts"}],"about":[{"href":"https:\/\/bambapolitica.com.mx\/index.php\/wp-json\/wp\/v2\/types\/post"}],"author":[{"embeddable":true,"href":"https:\/\/bambapolitica.com.mx\/index.php\/wp-json\/wp\/v2\/users\/3"}],"replies":[{"embeddable":true,"href":"https:\/\/bambapolitica.com.mx\/index.php\/wp-json\/wp\/v2\/comments?post=59722"}],"version-history":[{"count":1,"href":"https:\/\/bambapolitica.com.mx\/index.php\/wp-json\/wp\/v2\/posts\/59722\/revisions"}],"predecessor-version":[{"id":59724,"href":"https:\/\/bambapolitica.com.mx\/index.php\/wp-json\/wp\/v2\/posts\/59722\/revisions\/59724"}],"wp:featuredmedia":[{"embeddable":true,"href":"https:\/\/bambapolitica.com.mx\/index.php\/wp-json\/wp\/v2\/media\/59723"}],"wp:attachment":[{"href":"https:\/\/bambapolitica.com.mx\/index.php\/wp-json\/wp\/v2\/media?parent=59722"}],"wp:term":[{"taxonomy":"category","embeddable":true,"href":"https:\/\/bambapolitica.com.mx\/index.php\/wp-json\/wp\/v2\/categories?post=59722"},{"taxonomy":"post_tag","embeddable":true,"href":"https:\/\/bambapolitica.com.mx\/index.php\/wp-json\/wp\/v2\/tags?post=59722"}],"curies":[{"name":"wp","href":"https:\/\/api.w.org\/{rel}","templated":true}]}}