{"id":59725,"date":"2023-05-17T11:59:09","date_gmt":"2023-05-17T17:59:09","guid":{"rendered":"http:\/\/bambapolitica.com.mx\/?p=59725"},"modified":"2023-05-17T11:59:12","modified_gmt":"2023-05-17T17:59:12","slug":"lamenta-jufed-exhibicion-publica-e-injustificada-de-juzgadores-en-la-mananera","status":"publish","type":"post","link":"https:\/\/bambapolitica.com.mx\/index.php\/2023\/05\/17\/lamenta-jufed-exhibicion-publica-e-injustificada-de-juzgadores-en-la-mananera\/","title":{"rendered":"Lamenta JUFED exhibici\u00f3n &#8220;p\u00fablica e injustificada&#8221; de juzgadores en la &#8216;ma\u00f1anera&#8217;"},"content":{"rendered":"\n<p>Miercoles 17 de mayo de 2023<\/p>\n\n\n\n<p>La Asociaci\u00f3n Nacional de Magistrados de Circuito y Jueces de Distrito del Poder Judicial de la Federaci\u00f3n (JUFED) lament\u00f3 la exhibici\u00f3n \u201cp\u00fablica e injustificada\u201d de juzgadores durante la conferencia ma\u00f1anera del presidente Andr\u00e9s Manuel L\u00f3pez Obrador.<\/p>\n\n\n\n<p>\u201cTales actos no solo ponen en riesgo su integridad sino la de sus familias como es el caso de la magistrada Mar\u00eda Dolores Olarte Ruvalcaba, y los magistrados Samuel Alberto Villanueva Orozco y Ricardo Delgado Quiroz, integrantes del Primer Tribunal Colegiado de Apelaci\u00f3n de Jalisco, as\u00ed como del juez Samuel Ventura Ramos, titular del Juzgado Primero de Distrito en Procesos Penales Federales con residencia en Matamoros, Tamaulipas\u201d.<\/p>\n\n\n\n<p>La asociaci\u00f3n apunt\u00f3 que los juzgadores no son oposici\u00f3n de persona o partido alguno; pero, dijo que no dejar\u00e1n de rechazar las presiones que trastocan el derecho fundamental de las y los mexicanos, a contar con un servicio de justicia federal eficaz e independiente. \u201cTales conductas vulneran el principio de la sana divisi\u00f3n de poderes\u201d, asever\u00f3.<\/p>\n\n\n\n<p>La JUFED reiter\u00f3 su respaldo a todos los juzgadores, en particular de los circuitos de Jalisco y Tamaulipas, para emitir sus resoluciones con independencia de cualquier tipo de presi\u00f3n, ya sea de autoridad federal o local indistintamente; as\u00ed como el total acompa\u00f1amiento legal y solidario a los titulares que as\u00ed lo requieran, sobra asuntos motivados por su funci\u00f3n.<\/p>\n\n\n\n<p>A\u00f1adi\u00f3 que el Poder Judicial de la Federaci\u00f3n (PJF) tiene como compromiso cumplir y proteger los derechos humanos consagrados en la Constituci\u00f3n.<\/p>\n\n\n\n<p><a href=\"https:\/\/www.jornada.com.mx\/notas\/2023\/05\/17\/politica\/lamenta-jufed-exhibicion-publica-e-injustificada-de-juzgadores-en-la-mananera\/?from=homeonline&amp;block=politica&amp;opt=articlelink\">https:\/\/www.jornada.com.mx\/notas\/2023\/05\/17\/politica\/lamenta-jufed-exhibicion-publica-e-injustificada-de-juzgadores-en-la-mananera\/?from=homeonline&amp;block=politica&amp;opt=articlelink<\/a><\/p>\n","protected":false},"excerpt":{"rendered":"<p>Miercoles 17 de mayo de 2023 La Asociaci\u00f3n Nacional de Magistrados de Circuito y Jueces&#8230;<\/p>\n","protected":false},"author":3,"featured_media":59726,"comment_status":"closed","ping_status":"closed","sticky":true,"template":"","format":"standard","meta":{"footnotes":""},"categories":[4],"tags":[],"class_list":["post-59725","post","type-post","status-publish","format-standard","has-post-thumbnail","hentry","category-noticias-del-dia"],"_links":{"self":[{"href":"https:\/\/bambapolitica.com.mx\/index.php\/wp-json\/wp\/v2\/posts\/59725","targetHints":{"allow":["GET"]}}],"collection":[{"href":"https:\/\/bambapolitica.com.mx\/index.php\/wp-json\/wp\/v2\/posts"}],"about":[{"href":"https:\/\/bambapolitica.com.mx\/index.php\/wp-json\/wp\/v2\/types\/post"}],"author":[{"embeddable":true,"href":"https:\/\/bambapolitica.com.mx\/index.php\/wp-json\/wp\/v2\/users\/3"}],"replies":[{"embeddable":true,"href":"https:\/\/bambapolitica.com.mx\/index.php\/wp-json\/wp\/v2\/comments?post=59725"}],"version-history":[{"count":1,"href":"https:\/\/bambapolitica.com.mx\/index.php\/wp-json\/wp\/v2\/posts\/59725\/revisions"}],"predecessor-version":[{"id":59727,"href":"https:\/\/bambapolitica.com.mx\/index.php\/wp-json\/wp\/v2\/posts\/59725\/revisions\/59727"}],"wp:featuredmedia":[{"embeddable":true,"href":"https:\/\/bambapolitica.com.mx\/index.php\/wp-json\/wp\/v2\/media\/59726"}],"wp:attachment":[{"href":"https:\/\/bambapolitica.com.mx\/index.php\/wp-json\/wp\/v2\/media?parent=59725"}],"wp:term":[{"taxonomy":"category","embeddable":true,"href":"https:\/\/bambapolitica.com.mx\/index.php\/wp-json\/wp\/v2\/categories?post=59725"},{"taxonomy":"post_tag","embeddable":true,"href":"https:\/\/bambapolitica.com.mx\/index.php\/wp-json\/wp\/v2\/tags?post=59725"}],"curies":[{"name":"wp","href":"https:\/\/api.w.org\/{rel}","templated":true}]}}