{"id":59759,"date":"2023-05-18T09:36:28","date_gmt":"2023-05-18T15:36:28","guid":{"rendered":"http:\/\/bambapolitica.com.mx\/?p=59759"},"modified":"2023-05-18T09:36:42","modified_gmt":"2023-05-18T15:36:42","slug":"entre-gitanos-jamas-nos-leeremos-la-mano-campana-edomex-2023","status":"publish","type":"post","link":"https:\/\/bambapolitica.com.mx\/index.php\/2023\/05\/18\/entre-gitanos-jamas-nos-leeremos-la-mano-campana-edomex-2023\/","title":{"rendered":"ENTRE GITANOS , JAM\u00c1S NOS LEEREMOS LA MANO: CAMPA\u00d1A EDOMEX, 2023"},"content":{"rendered":"\n<p>Jueves 18 de mayo 2023<\/p>\n\n\n\n<p>&nbsp;Cuando telef\u00f3nicamente, Daniel Cruz Zu\u00f1iga jefe de prensa de la candidata Alejandra del Moral le contest\u00f3 telef\u00f3nicamente a los reporteros, que la presente ser\u00eda una campa\u00f1a At\u00edpica, olvido a\u00f1adir qu\u00e9 lo at\u00edpico iba acompa\u00f1ado por la participaci\u00f3n de una candidata sexagenaria,&nbsp; el desinter\u00e9s de los medios de comunicaci\u00f3n electr\u00f3nicos, impresos y digitales para promover una campa\u00f1a feminista; tambi\u00e9n olvido mencionar&nbsp; que casi&nbsp; un 45 por ciento de la poblacion, perdi\u00f3 inter\u00e9s al conocer que est\u00e1 campa\u00f1a at\u00edpica estaba representada por dos mujeres; una de ellas sexagenaria y&nbsp; experimento de alto riesgo en una entidad donde a\u00fan prevalece el machismo, el inter\u00e9s y hasta la costumbre de ver y escuchar a un candidato var\u00f3n.<\/p>\n\n\n\n<p>A estas alturas de la campa\u00f1a&nbsp; las dos candidatas olvidaron la pulcritud de su identidad femenina, convirtiendo esta campa\u00f1a en un elegante chisme de lavadero, la una acusa de noventa a\u00f1os de saqueo, pero no conoce a plenitud los 125 municipios del Estado de M\u00e9xico.<a><\/a><\/p>\n\n\n\n<p>La otra se dice valiente, cuando en su trayectoria se dio a conocer como una mujer metodol\u00f3gica,&nbsp; &nbsp;pensante y con prontas respuestas.<\/p>\n\n\n\n<p>La una se acusa a la otra de corruptas, que una construy\u00f3 un imperio inmobiliario y la otra le subraya que antes de cumplir los sesenta a\u00f1os de edad,&nbsp; &nbsp;le rasuro a los trabajadores de Texcoco un diezmo para crear un Instituto pol\u00edtico.<\/p>\n\n\n\n<p>Una ya&nbsp; basa su confianza en el triunfo, porque se han distribuido m\u00e1s de 345 mil millones de pesos, a trav\u00e9s de las tarjetas Bienestar entre los j\u00f3venes mexiquenses&nbsp; que siguen de par\u00e1sitos, tarjetas&nbsp; que se han distribuido entre amas de casa,&nbsp; adultos mayores, entre viudas y hasta entre emprendedores, sin siquiera pensar que sin fondos revolventes, el Edomex, se ir\u00e1 a la par\u00e1lisis econ\u00f3mica; as\u00ed como ocurrir\u00e1 en el pa\u00eds, si se sigue despilfarrando la econom\u00eda nacional, crucificando a los empresarios y la gente productiva.<\/p>\n\n\n\n<p>Lo at\u00edpico de esta desinteresada campa\u00f1a, lo fomentaron las candidatas, y como ejemplo,&nbsp; una de ellas dijo que se construir\u00eda la L\u00ednea del autob\u00fas Santa Martha Chalco, cuando ya se llevan avances del 32 por ciento en dicha construcci\u00f3n.<\/p>\n\n\n\n<p>Tambi\u00e9n acus\u00f3 a su contrincante de fomentar la invasi\u00f3n de predios y enriquecimiento il\u00edcito a trav\u00e9s de inmobiliarias, cuando fue presidente municipal.<\/p>\n\n\n\n<p>Pero olvido se\u00f1alar que como secretaria de educaci\u00f3n publica, sigui\u00f3 desviando millonarios recursos econ\u00f3micos para otros funcionarios del primer nivel.<\/p>\n\n\n\n<p>No es vergonzoso entrar en la antesala de la tercera edad, pero sesenta a\u00f1os de existencia te hacen reflexionar en el que har\u00e1s si llegas a gobernar un estado con m\u00e1s de&nbsp; 17 millones de&nbsp; habitantes.<\/p>\n\n\n\n<p>Lo interesante ser\u00e1 este debate, ojal\u00e1 que se disminuya el machismo mexiquense y no vean a las candidatas &#8221; como viejas vecinderas&#8221;; y ellas hagan&nbsp; propuestas reales, al alcance de las posibilidades que requiere la poblaci\u00f3n mexiquense.<\/p>\n\n\n\n<p>&#8220;No es lo mismo se\u00f1alar&nbsp; nosotros ganamos&#8230; al que&nbsp; ustedes perdieron&#8230;.&#8221;<\/p>\n\n\n\n<p>La mejor opini\u00f3n, es la que usted indica amable lector.<\/p>\n\n\n\n<p><a href=\"https:\/\/prontarespuesta.blogspot.com\/2023\/05\/entre-adutosmayores-jamas-nos-leeremos.html\">https:\/\/prontarespuesta.blogspot.com\/2023\/05\/entre-adutosmayores-jamas-nos-leeremos.html<\/a><\/p>\n","protected":false},"excerpt":{"rendered":"<p>Jueves 18 de mayo 2023 &nbsp;Cuando telef\u00f3nicamente, Daniel Cruz Zu\u00f1iga jefe de prensa de la&#8230;<\/p>\n","protected":false},"author":3,"featured_media":59760,"comment_status":"closed","ping_status":"closed","sticky":true,"template":"","format":"standard","meta":{"footnotes":""},"categories":[4,15],"tags":[],"class_list":["post-59759","post","type-post","status-publish","format-standard","has-post-thumbnail","hentry","category-noticias-del-dia","category-opinion"],"_links":{"self":[{"href":"https:\/\/bambapolitica.com.mx\/index.php\/wp-json\/wp\/v2\/posts\/59759","targetHints":{"allow":["GET"]}}],"collection":[{"href":"https:\/\/bambapolitica.com.mx\/index.php\/wp-json\/wp\/v2\/posts"}],"about":[{"href":"https:\/\/bambapolitica.com.mx\/index.php\/wp-json\/wp\/v2\/types\/post"}],"author":[{"embeddable":true,"href":"https:\/\/bambapolitica.com.mx\/index.php\/wp-json\/wp\/v2\/users\/3"}],"replies":[{"embeddable":true,"href":"https:\/\/bambapolitica.com.mx\/index.php\/wp-json\/wp\/v2\/comments?post=59759"}],"version-history":[{"count":1,"href":"https:\/\/bambapolitica.com.mx\/index.php\/wp-json\/wp\/v2\/posts\/59759\/revisions"}],"predecessor-version":[{"id":59761,"href":"https:\/\/bambapolitica.com.mx\/index.php\/wp-json\/wp\/v2\/posts\/59759\/revisions\/59761"}],"wp:featuredmedia":[{"embeddable":true,"href":"https:\/\/bambapolitica.com.mx\/index.php\/wp-json\/wp\/v2\/media\/59760"}],"wp:attachment":[{"href":"https:\/\/bambapolitica.com.mx\/index.php\/wp-json\/wp\/v2\/media?parent=59759"}],"wp:term":[{"taxonomy":"category","embeddable":true,"href":"https:\/\/bambapolitica.com.mx\/index.php\/wp-json\/wp\/v2\/categories?post=59759"},{"taxonomy":"post_tag","embeddable":true,"href":"https:\/\/bambapolitica.com.mx\/index.php\/wp-json\/wp\/v2\/tags?post=59759"}],"curies":[{"name":"wp","href":"https:\/\/api.w.org\/{rel}","templated":true}]}}