{"id":59762,"date":"2023-05-18T12:27:26","date_gmt":"2023-05-18T18:27:26","guid":{"rendered":"http:\/\/bambapolitica.com.mx\/?p=59762"},"modified":"2023-05-18T12:27:33","modified_gmt":"2023-05-18T18:27:33","slug":"frente-a-sus-padres-joven-se-intenta-quitar-la-vida-de-un-balazo-en-neza","status":"publish","type":"post","link":"https:\/\/bambapolitica.com.mx\/index.php\/2023\/05\/18\/frente-a-sus-padres-joven-se-intenta-quitar-la-vida-de-un-balazo-en-neza\/","title":{"rendered":"Frente a sus padres, joven se intenta quitar la vida de un balazo, en Neza"},"content":{"rendered":"\n<p>  Jueves 18 de mayo 2023<\/p>\n\n\n\n<h3 class=\"wp-block-heading\">Los padres de la menor, dijeron, que desconoc\u00edan los motivos que tuvo su hija para atentar contra su vida<\/h3>\n\n\n\n<p>Nezahualc\u00f3yotl.- Por causas que hasta el momento se desconocen, una mujer de aproximadamente 25 a\u00f1os de edad trat\u00f3 de quitarse la vida,<strong>&nbsp;ante la mirada aterrada de sus padres, al dispararse un balazo<\/strong>&nbsp;en la cabeza en plena calle.<\/p>\n\n\n\n<p>Gravemente lesionada, la mujer fue trasladada de emergencia a un hospital de la zona, donde se debate entre la vida y la muerte.<\/p>\n\n\n\n<p>Los hechos que tienen al borde de la muerte a esta mujer,&nbsp;<strong>se registraron la ma\u00f1ana de este mi\u00e9rcoles casi frente a su domicilio,<\/strong>&nbsp;ubicado sobre la calle Francisco Villa, en la colonia Campestre Guadalupana, en este municipio.<\/p>\n\n\n\n<p>Autoridades polic\u00edacas informaron que de acuerdo a las versiones que dieron los padres de la mujer, esta ma\u00f1ana al salir de su casa observaron como su hija se llev\u00f3 a la cabeza un arma de fuego y sin que pudieran evitarlo se dispar\u00f3 un tiro.<\/p>\n\n\n\n<p>A consecuencia del impacto de bala que recibi\u00f3, dijeron,&nbsp;<strong>cay\u00f3 al piso herida de muerte,<\/strong>&nbsp;por lo que presos de la histeria y de la desesperaci\u00f3n llegaron para auxiliarla, al tiempo que pidieron la intervenci\u00f3n de una ambulancia para que recibiera atenci\u00f3n m\u00e9dica de urgencia.<\/p>\n\n\n\n<p>Posteriormente, cuando param\u00e9dicos de Rescate Municipal llegaron de inmediato le brindaron los primeros auxilios; sin embargo, como su estado de salud era grave la trasladaron a un hospital de la zona, donde los m\u00e9dicos\u00a0<strong>reportan su estado de salud como muy grave y luchan por salvarle la vida.<\/strong><\/p>\n\n\n\n<p>Los padres de la menor, dijeron, que desconoc\u00edan los motivos que tuvo su hija para atentar contra su vida, pues hasta donde sab\u00edan eran una joven normal, de quien&nbsp;<strong>desconoc\u00edan que tuviera motivos como para quitarse la vida&nbsp;<\/strong>e indicaron que estaban sumamente sorprendidos y desconcertados por esta situaci\u00f3n.<\/p>\n\n\n\n<p>Sin embargo, el Ministerio P\u00fablico que por estos hechos dio inicio a la carpeta de investigaci\u00f3n correspondiente, inform\u00f3 que elementos de la FGJEM ya realizan los trabajos polic\u00edacos correspondientes para determinar si efectivamente esta mujer trato de suicidarse o si pudo ser atacada por alguien con la intenci\u00f3n de asesinarla, lo anterior para deslindar responsabilidades.<\/p>\n","protected":false},"excerpt":{"rendered":"<p>Jueves 18 de mayo 2023 Los padres de la menor, dijeron, que desconoc\u00edan los motivos&#8230;<\/p>\n","protected":false},"author":3,"featured_media":59763,"comment_status":"closed","ping_status":"closed","sticky":true,"template":"","format":"standard","meta":{"footnotes":""},"categories":[2],"tags":[],"class_list":["post-59762","post","type-post","status-publish","format-standard","has-post-thumbnail","hentry","category-policiaca"],"_links":{"self":[{"href":"https:\/\/bambapolitica.com.mx\/index.php\/wp-json\/wp\/v2\/posts\/59762","targetHints":{"allow":["GET"]}}],"collection":[{"href":"https:\/\/bambapolitica.com.mx\/index.php\/wp-json\/wp\/v2\/posts"}],"about":[{"href":"https:\/\/bambapolitica.com.mx\/index.php\/wp-json\/wp\/v2\/types\/post"}],"author":[{"embeddable":true,"href":"https:\/\/bambapolitica.com.mx\/index.php\/wp-json\/wp\/v2\/users\/3"}],"replies":[{"embeddable":true,"href":"https:\/\/bambapolitica.com.mx\/index.php\/wp-json\/wp\/v2\/comments?post=59762"}],"version-history":[{"count":1,"href":"https:\/\/bambapolitica.com.mx\/index.php\/wp-json\/wp\/v2\/posts\/59762\/revisions"}],"predecessor-version":[{"id":59764,"href":"https:\/\/bambapolitica.com.mx\/index.php\/wp-json\/wp\/v2\/posts\/59762\/revisions\/59764"}],"wp:featuredmedia":[{"embeddable":true,"href":"https:\/\/bambapolitica.com.mx\/index.php\/wp-json\/wp\/v2\/media\/59763"}],"wp:attachment":[{"href":"https:\/\/bambapolitica.com.mx\/index.php\/wp-json\/wp\/v2\/media?parent=59762"}],"wp:term":[{"taxonomy":"category","embeddable":true,"href":"https:\/\/bambapolitica.com.mx\/index.php\/wp-json\/wp\/v2\/categories?post=59762"},{"taxonomy":"post_tag","embeddable":true,"href":"https:\/\/bambapolitica.com.mx\/index.php\/wp-json\/wp\/v2\/tags?post=59762"}],"curies":[{"name":"wp","href":"https:\/\/api.w.org\/{rel}","templated":true}]}}