{"id":59797,"date":"2023-05-19T09:34:13","date_gmt":"2023-05-19T15:34:13","guid":{"rendered":"http:\/\/bambapolitica.com.mx\/?p=59797"},"modified":"2023-05-19T09:34:19","modified_gmt":"2023-05-19T15:34:19","slug":"la-condusef-aclara-si-es-legal-o-no-el-cargo-extra-por-pagar-con-tarjeta","status":"publish","type":"post","link":"https:\/\/bambapolitica.com.mx\/index.php\/2023\/05\/19\/la-condusef-aclara-si-es-legal-o-no-el-cargo-extra-por-pagar-con-tarjeta\/","title":{"rendered":"La Condusef aclara si es legal o no el cargo extra por pagar con tarjeta"},"content":{"rendered":"\n<p>Viernes 19 de mayo 2023<\/p>\n\n\n\n<p><strong>La Condusef aclar\u00f3 si es legal o no que los negocios cobren una comisi\u00f3n de entre 3 y 5% cuando el cliente decide pagar con tarjeta de d\u00e9bito o cr\u00e9dito.<\/strong><\/p>\n\n\n\n<p>CIUDAD DE M\u00c9XICO (apro).\u2013 La Comisi\u00f3n Nacional para la Protecci\u00f3n y Defensa de los Usuarios de Servicios Financieros (Condusef) asegur\u00f3 que es ilegal que los establecimientos cobren un cargo extra por pagar con tu tarjeta de cr\u00e9dito o d\u00e9bito.<\/p>\n\n\n\n<p>\u201cCondusef considera que este tipo de pr\u00e1cticas, adem\u00e1s de ser indebidas al condicionar la aceptaci\u00f3n de esta forma de pago y resultar onerosas para el tarjetahabiente, obstaculiza la promoci\u00f3n de la Inclusi\u00f3n financiera, ya que el usuario recibe el mensaje err\u00f3neo de que pagar con una tarjeta cuesta m\u00e1s que pagar con efectivo\u201d, indic\u00f3 en un comunicado.<\/p>\n\n\n\n<p>\u201cEntre 3 y 5% m\u00e1s del costo del producto o servicio es lo que cobran algunos negocios como comisi\u00f3n o recargo por pagar con tarjetas, cuando no debe ser as\u00ed, pues los establecimientos est\u00e1n obligados a asumir el costo de la comisi\u00f3n por usar las terminales bancarias\u201d, dice el comunicado.<\/p>\n\n\n\n<p>En caso de que cobren alguna comisi\u00f3n se puede reportar a la Condusef, al 800 9998 080, y al banco, donde decidir\u00e1n si le quitan la terminal al establecimiento, porque impacta la imagen de dichas instituciones, ya que uno de los pretextos de los negociantes es que el banco les cobra por prestar el servicio, lo cual es incorrecto.<\/p>\n\n\n\n<p><a href=\"https:\/\/www.proceso.com.mx\/economia\/2023\/5\/18\/la-condusef-aclara-si-es-legal-no-el-cargo-extra-por-pagar-con-tarjeta-307276.html\">https:\/\/www.proceso.com.mx\/economia\/2023\/5\/18\/la-condusef-aclara-si-es-legal-no-el-cargo-extra-por-pagar-con-tarjeta-307276.html<\/a><\/p>\n","protected":false},"excerpt":{"rendered":"<p>Viernes 19 de mayo 2023 La Condusef aclar\u00f3 si es legal o no que los&#8230;<\/p>\n","protected":false},"author":3,"featured_media":59798,"comment_status":"closed","ping_status":"closed","sticky":false,"template":"","format":"standard","meta":{"footnotes":""},"categories":[4],"tags":[],"class_list":["post-59797","post","type-post","status-publish","format-standard","has-post-thumbnail","hentry","category-noticias-del-dia"],"_links":{"self":[{"href":"https:\/\/bambapolitica.com.mx\/index.php\/wp-json\/wp\/v2\/posts\/59797","targetHints":{"allow":["GET"]}}],"collection":[{"href":"https:\/\/bambapolitica.com.mx\/index.php\/wp-json\/wp\/v2\/posts"}],"about":[{"href":"https:\/\/bambapolitica.com.mx\/index.php\/wp-json\/wp\/v2\/types\/post"}],"author":[{"embeddable":true,"href":"https:\/\/bambapolitica.com.mx\/index.php\/wp-json\/wp\/v2\/users\/3"}],"replies":[{"embeddable":true,"href":"https:\/\/bambapolitica.com.mx\/index.php\/wp-json\/wp\/v2\/comments?post=59797"}],"version-history":[{"count":1,"href":"https:\/\/bambapolitica.com.mx\/index.php\/wp-json\/wp\/v2\/posts\/59797\/revisions"}],"predecessor-version":[{"id":59799,"href":"https:\/\/bambapolitica.com.mx\/index.php\/wp-json\/wp\/v2\/posts\/59797\/revisions\/59799"}],"wp:featuredmedia":[{"embeddable":true,"href":"https:\/\/bambapolitica.com.mx\/index.php\/wp-json\/wp\/v2\/media\/59798"}],"wp:attachment":[{"href":"https:\/\/bambapolitica.com.mx\/index.php\/wp-json\/wp\/v2\/media?parent=59797"}],"wp:term":[{"taxonomy":"category","embeddable":true,"href":"https:\/\/bambapolitica.com.mx\/index.php\/wp-json\/wp\/v2\/categories?post=59797"},{"taxonomy":"post_tag","embeddable":true,"href":"https:\/\/bambapolitica.com.mx\/index.php\/wp-json\/wp\/v2\/tags?post=59797"}],"curies":[{"name":"wp","href":"https:\/\/api.w.org\/{rel}","templated":true}]}}