{"id":59801,"date":"2023-05-19T11:11:13","date_gmt":"2023-05-19T17:11:13","guid":{"rendered":"http:\/\/bambapolitica.com.mx\/?p=59801"},"modified":"2023-05-19T11:11:18","modified_gmt":"2023-05-19T17:11:18","slug":"decreto-busca-blindar-del-bloque-conservador-las-obras-estrategicas-amlo","status":"publish","type":"post","link":"https:\/\/bambapolitica.com.mx\/index.php\/2023\/05\/19\/decreto-busca-blindar-del-bloque-conservador-las-obras-estrategicas-amlo\/","title":{"rendered":"Decreto busca blindar del bloque conservador las obras estrat\u00e9gicas: AMLO"},"content":{"rendered":"\n<p>Viernes 19 de Mayo 2023<\/p>\n\n\n\n<p>El presidente Andr\u00e9s Manuel L\u00f3pez Obrador argument\u00f3 que el decreto emitido ayer para que los proyectos estrat\u00e9gicos sean considerados como de \u201cseguridad nacional y de inter\u00e9s p\u00fablico\u201d trata de \u201cblindar\u201d estas obras ante el embate del bloque conservador que \u201cbusca contrarrestar todo lo que hacemos\u201d.<\/p>\n\n\n\n<p>Apunt\u00f3 contra la Suprema Corte de Justicia de la Naci\u00f3n (SCJN) y denunci\u00f3 que la presidenta Norma Pi\u00f1a contrat\u00f3 recientemente a Sonia Vargas, quien era la directora de recursos materiales de la Polic\u00eda Federal en la \u00e9poca de Genaro Garc\u00eda Luna y es investigada como parte del proceso contra el ex titular de Seguridad P\u00fablica; adem\u00e1s que acus\u00f3 que la mano del gobierno de Estados Unidos est\u00e1 detr\u00e1s de quienes buscan frenar la construcci\u00f3n del Tren Maya, al financiar a grupos opositores.<\/p>\n\n\n\n<p>Por ello, en la ma\u00f1anera de este viernes en Palacio Nacional afirm\u00f3, se decidi\u00f3 emitir el nuevo decreto para clasificar como asunto de seguridad nacional \u00e9sta y otras obras de infraestructura.<\/p>\n\n\n\n<p>\u201cHay un despacho de la organizaci\u00f3n de Claudio X. Gonz\u00e1lez, donde esta (Fernando) G\u00f3mez Mont, donde est\u00e1 (Jos\u00e9 Ram\u00f3n) Coss\u00edo, un abogado Carbajal y otro abogado que es el que da la cara (Gerardo Carrasco) y es el que ha presentado todos los amparos. Todos ellos forman parte de esta organizaci\u00f3n que recibe dinero del gobierno de Estados Unidos. Ya lo aceptaron en la agencia del gobierno de Estados Unidos, nada m\u00e1s que les siguen dando\u201d.<\/p>\n\n\n\n<p>Ligado a ello, agreg\u00f3 el mandatario, en el Poder Judicial, en particular la SCJN \u201cest\u00e1 completamente en contra de nosotros y de la transformaci\u00f3n del pa\u00eds, que forma parte tambi\u00e9n del mismo grupo conservador y corrupto, al grado que ayer me lleg\u00f3 una informaci\u00f3n acerca de que la presidenta de la SCJN contrat\u00f3 a la que era directora de recursos materiales cuando Garc\u00eda Luna, fue directora de Recursos Materiales, Servicios Generales e Infraestructura de la Polic\u00eda Federal en en el periodo de Garc\u00eda Luna y est\u00e1 en investigaci\u00f3n de todos los contratos que entregaron.<\/p>\n\n\n\n<p>\u201cFirm\u00f3 contratos relacionados con la adquisici\u00f3n, mantenimiento, prestaci\u00f3n de servicios e infraestructura de la Polic\u00eda Federal con empresas que se encuentran en investigaci\u00f3n por parte de ala Unidad de Inteligencia Financiera y la Fiscal\u00eda General de la Rep\u00fablica. Con fecha 1 de abril de 2023 la ministra presidenta de la SCJN, Norma Pi\u00f1a Hern\u00e1ndez, la contrat\u00f3 como directora de la Coordinaci\u00f3n de Administraci\u00f3n del Consejo de la Judicatura Federal\u201d.<\/p>\n\n\n\n<p>Por ello, el mandatario justific\u00f3: \u201c\u00bfC\u00f3mo no vamos a blindar los trenes y los puertos? Tenemos que poner por delante el inter\u00e9s general, y ese es mi trabajo y ofrezco disculpa por las molestias que causa, pero tengo que defender el inter\u00e9s p\u00fablico\u201d.<\/p>\n\n\n\n<p>En la conferencia refiri\u00f3 adem\u00e1s que los opositores son \u201cgente irresponsable, sectaria, mafiosa que no quisieran que se hiciera nada, que nada m\u00e1s piensan en ellos, soberbios y corruptos\u201d.<\/p>\n\n\n\n<p>Agreg\u00f3: \u201c\u00bfY por qu\u00e9 nos preocupa y por qu\u00e9 s\u00ed se tom\u00f3 la decisi\u00f3n de convertir estas obras en acciones de seguridad nacional? Porque los que est\u00e1n promoviendo los amparos en contra de todas estas obras est\u00e1n incluso recibiendo financiamiento del gobierno de Estados Unidos, y eso lo podemos probar\u201d.<\/p>\n\n\n\n<p>El jefe del Ejecutivo asegur\u00f3 que habr\u00e1 transparencia a trav\u00e9s de la Auditor\u00eda Superior de la Federaci\u00f3n (ASF) sobre los recursos que se asignan para la construcci\u00f3n del Tren Maya, del Corredor Interoce\u00e1nico del Istmo de Tehuantepec y de los aeropuertos de Chetumal y Palenque y otras obras blindadas por el decreto.<\/p>\n\n\n\n<p>\u201cNo hay ninguna disposici\u00f3n legal para negar informaci\u00f3n, pero eso es parte de la propaganda en contra, es decir, no quieren que se sepa nada, no, la ASF est\u00e1 constantemente haciendo su trabajo en todos los contratos y en todas las obras. Y no hay ning\u00fan problema en eso. Pero s\u00ed tenemos que proteger esas obras porque estos incesantes, irresponsables corruptos, adem\u00e1s muy antipatriotas pueden pararnos las obras como ha sido su intenci\u00f3n. No estoy inventando nada, no estoy hablando al tanteo, y tenemos que proteger, blindar estas obras de seguridad nacional y de inter\u00e9s p\u00fablico. Imag\u00ednense, los beneficios para la gente del sureste cancelados nada m\u00e1s por el capricho de estos fif\u00eds corruptos\u201d, enfatiz\u00f3.<\/p>\n\n\n\n<p><a href=\"https:\/\/www.jornada.com.mx\/notas\/2023\/05\/19\/politica\/decreto-busca-blindar-obras-estrategicas-del-bloque-conservador-amlo\/?from=homeonline&amp;block=primeraojeada\">https:\/\/www.jornada.com.mx\/notas\/2023\/05\/19\/politica\/decreto-busca-blindar-obras-estrategicas-del-bloque-conservador-amlo\/?from=homeonline&amp;block=primeraojeada<\/a><\/p>\n","protected":false},"excerpt":{"rendered":"<p>Viernes 19 de Mayo 2023 El presidente Andr\u00e9s Manuel L\u00f3pez Obrador argument\u00f3 que el decreto&#8230;<\/p>\n","protected":false},"author":3,"featured_media":59802,"comment_status":"closed","ping_status":"closed","sticky":true,"template":"","format":"standard","meta":{"footnotes":""},"categories":[4],"tags":[],"class_list":["post-59801","post","type-post","status-publish","format-standard","has-post-thumbnail","hentry","category-noticias-del-dia"],"_links":{"self":[{"href":"https:\/\/bambapolitica.com.mx\/index.php\/wp-json\/wp\/v2\/posts\/59801","targetHints":{"allow":["GET"]}}],"collection":[{"href":"https:\/\/bambapolitica.com.mx\/index.php\/wp-json\/wp\/v2\/posts"}],"about":[{"href":"https:\/\/bambapolitica.com.mx\/index.php\/wp-json\/wp\/v2\/types\/post"}],"author":[{"embeddable":true,"href":"https:\/\/bambapolitica.com.mx\/index.php\/wp-json\/wp\/v2\/users\/3"}],"replies":[{"embeddable":true,"href":"https:\/\/bambapolitica.com.mx\/index.php\/wp-json\/wp\/v2\/comments?post=59801"}],"version-history":[{"count":1,"href":"https:\/\/bambapolitica.com.mx\/index.php\/wp-json\/wp\/v2\/posts\/59801\/revisions"}],"predecessor-version":[{"id":59803,"href":"https:\/\/bambapolitica.com.mx\/index.php\/wp-json\/wp\/v2\/posts\/59801\/revisions\/59803"}],"wp:featuredmedia":[{"embeddable":true,"href":"https:\/\/bambapolitica.com.mx\/index.php\/wp-json\/wp\/v2\/media\/59802"}],"wp:attachment":[{"href":"https:\/\/bambapolitica.com.mx\/index.php\/wp-json\/wp\/v2\/media?parent=59801"}],"wp:term":[{"taxonomy":"category","embeddable":true,"href":"https:\/\/bambapolitica.com.mx\/index.php\/wp-json\/wp\/v2\/categories?post=59801"},{"taxonomy":"post_tag","embeddable":true,"href":"https:\/\/bambapolitica.com.mx\/index.php\/wp-json\/wp\/v2\/tags?post=59801"}],"curies":[{"name":"wp","href":"https:\/\/api.w.org\/{rel}","templated":true}]}}