{"id":59804,"date":"2023-05-19T11:23:10","date_gmt":"2023-05-19T17:23:10","guid":{"rendered":"http:\/\/bambapolitica.com.mx\/?p=59804"},"modified":"2023-05-19T11:23:15","modified_gmt":"2023-05-19T17:23:15","slug":"jueza-ordena-a-senado-a-convocar-a-periodo-extra-para-nombrar-a-comisionado-del-inai","status":"publish","type":"post","link":"https:\/\/bambapolitica.com.mx\/index.php\/2023\/05\/19\/jueza-ordena-a-senado-a-convocar-a-periodo-extra-para-nombrar-a-comisionado-del-inai\/","title":{"rendered":"Jueza ordena a Senado a convocar a periodo extra para nombrar a comisionado del INAI"},"content":{"rendered":"\n<p>Viernes 19 de Mayo 2023<\/p>\n\n\n\n<p>El plazo es de 3 d\u00edas para que la Junta de Coordinaci\u00f3n Pol\u00edtica para que elabore la propuesta de los candidatos<\/p>\n\n\n\n<p>Una jueza federal orden\u00f3 a la Junta de Coordinaci\u00f3n Pol\u00edtica del Senado convocar a un<strong>&nbsp;periodo extraordinario de sesiones para nombrar&nbsp;<\/strong>a uno de los&nbsp;<strong>comisionados&nbsp;<\/strong>que faltan para que el<strong>&nbsp;Instituto Nacional de Transparencia, Acceso a la Informaci\u00f3n y Protecci\u00f3n de Datos Personal (<\/strong><a href=\"https:\/\/www.eluniversal.com.mx\/tag\/inai\/\" target=\"_blank\" rel=\"noreferrer noopener\"><strong>INAI<\/strong><\/a><strong>)&nbsp;<\/strong>pueda operar.<\/p>\n\n\n\n<p>Al conceder una suspensi\u00f3n al Consejo Consultivo del INAI contra la omisi\u00f3n del Senado en la designaci\u00f3n de los comisionados, el juzgador dio un plazo de tres d\u00edas a la Junta de Coordinaci\u00f3n Pol\u00edtica para que elabore la propuesta de los candidatos al puesto de comisionado por lo que hace a la segunda vacante de dicho puesto.<\/p>\n\n\n\n<p>Hecho lo anterior, \u201cdentro del plazo de tres d\u00edas la Comisi\u00f3n Permanente del Congreso de la Uni\u00f3n lleve a cabo los actos que le permitan convocar a la C\u00e1mara de Senadores a un periodo de sesiones extraordinarias con la finalidad de que se someta a su conocimiento la propuesta respectiva\u201d.<\/p>\n\n\n\n<p>Como parte del expediente 1714\/2022, la titular del juzgado 17 en materia Administrativa con sede en la Ciudad de M\u00e9xico, afirm\u00f3 que el beneficio de la medida cautelar solicitada puede revocarse o modificarse a trav\u00e9s de la sentencia principal, lo cual no deja sin materia el juicio de amparo en cuanto al fondo.<\/p>\n\n\n\n<p>Fij\u00f3 para el 30 de mayo la celebraci\u00f3n de la audiencia incidental en la que resolver\u00e1 si conceder la suspensi\u00f3n definitiva.<\/p>\n\n\n\n<p><a href=\"https:\/\/www.eluniversal.com.mx\/nacion\/jueza-ordena-a-senado-a-convocar-a-periodo-extra-para-nombrar-a-comisionados-del-inai\/\">https:\/\/www.eluniversal.com.mx\/nacion\/jueza-ordena-a-senado-a-convocar-a-periodo-extra-para-nombrar-a-comisionados-del-inai\/<\/a><\/p>\n","protected":false},"excerpt":{"rendered":"<p>Viernes 19 de Mayo 2023 El plazo es de 3 d\u00edas para que la Junta&#8230;<\/p>\n","protected":false},"author":3,"featured_media":59805,"comment_status":"closed","ping_status":"closed","sticky":false,"template":"","format":"standard","meta":{"footnotes":""},"categories":[4],"tags":[],"class_list":["post-59804","post","type-post","status-publish","format-standard","has-post-thumbnail","hentry","category-noticias-del-dia"],"_links":{"self":[{"href":"https:\/\/bambapolitica.com.mx\/index.php\/wp-json\/wp\/v2\/posts\/59804","targetHints":{"allow":["GET"]}}],"collection":[{"href":"https:\/\/bambapolitica.com.mx\/index.php\/wp-json\/wp\/v2\/posts"}],"about":[{"href":"https:\/\/bambapolitica.com.mx\/index.php\/wp-json\/wp\/v2\/types\/post"}],"author":[{"embeddable":true,"href":"https:\/\/bambapolitica.com.mx\/index.php\/wp-json\/wp\/v2\/users\/3"}],"replies":[{"embeddable":true,"href":"https:\/\/bambapolitica.com.mx\/index.php\/wp-json\/wp\/v2\/comments?post=59804"}],"version-history":[{"count":1,"href":"https:\/\/bambapolitica.com.mx\/index.php\/wp-json\/wp\/v2\/posts\/59804\/revisions"}],"predecessor-version":[{"id":59806,"href":"https:\/\/bambapolitica.com.mx\/index.php\/wp-json\/wp\/v2\/posts\/59804\/revisions\/59806"}],"wp:featuredmedia":[{"embeddable":true,"href":"https:\/\/bambapolitica.com.mx\/index.php\/wp-json\/wp\/v2\/media\/59805"}],"wp:attachment":[{"href":"https:\/\/bambapolitica.com.mx\/index.php\/wp-json\/wp\/v2\/media?parent=59804"}],"wp:term":[{"taxonomy":"category","embeddable":true,"href":"https:\/\/bambapolitica.com.mx\/index.php\/wp-json\/wp\/v2\/categories?post=59804"},{"taxonomy":"post_tag","embeddable":true,"href":"https:\/\/bambapolitica.com.mx\/index.php\/wp-json\/wp\/v2\/tags?post=59804"}],"curies":[{"name":"wp","href":"https:\/\/api.w.org\/{rel}","templated":true}]}}