{"id":59807,"date":"2023-05-19T11:27:04","date_gmt":"2023-05-19T17:27:04","guid":{"rendered":"http:\/\/bambapolitica.com.mx\/?p=59807"},"modified":"2023-05-19T11:29:16","modified_gmt":"2023-05-19T17:29:16","slug":"localizan-mujer-sin-vida-en-obra-negra-de-ixtapaluca-presumen-murio-por-sobredosis","status":"publish","type":"post","link":"https:\/\/bambapolitica.com.mx\/index.php\/2023\/05\/19\/localizan-mujer-sin-vida-en-obra-negra-de-ixtapaluca-presumen-murio-por-sobredosis\/","title":{"rendered":"Localizan mujer sin vida en obra negra de Ixtapaluca; presumen muri\u00f3 por sobredosis"},"content":{"rendered":"\n<p>Viernes 19 de mayo 2023<\/p>\n\n\n\n<h3 class=\"wp-block-heading\">El cuerpo de la v\u00edctima no presentaba huellas de violencia, de acuerdo a los reportes de param\u00e9dicos de Protecci\u00f3n Civil<\/h3>\n\n\n\n<p>Dentro de una casa en construcci\u00f3n fue encontrado esta tarde el cad\u00e1ver de una mujer de aproximadamente 40 a\u00f1os de edad, la cual, a decir de param\u00e9dicos de Protecci\u00f3n Civil,<strong>&nbsp;al parecer muri\u00f3 por una sobredosis de solventes.<\/strong><\/p>\n\n\n\n<p>El cad\u00e1ver de esta mujer, hasta el momento desconocida, quien por su apariencia al parecer era indigente fue encontrado la tarde de este jueves, en el interior del citado predio, ubicado a un costado del Canal de la Compa\u00f1\u00eda, sobre la calle Vicente Guerrero, en la colonia Emiliano Zapata, en este municipio.<\/p>\n\n\n\n<p>Despu\u00e9s de que recibieron un llamado de auxilio al 911, elementos de la polic\u00eda municipal se presentaron en el lugar y al descubrir que la mujer estaba tirada dentro del inmueble, de inmediato pidieron el auxilio de una ambulancia,&nbsp;<strong>por lo que minutos m\u00e1s tarde se presentaron en el lugar param\u00e9dicos de Protecci\u00f3n Civil,&nbsp;<\/strong>quienes al revisarla confirmaron que ya estaba muerta.<\/p>\n\n\n\n<p>Ante tal situaci\u00f3n, los elementos polic\u00edacos acordonaron toda la zona y pidieron la intervenci\u00f3n del Ministerio P\u00fablico para que diera fe de los hechos.<\/p>\n\n\n\n<p>Durante las primeras inspecciones oculares que practic\u00f3 en el lugar, el MP inform\u00f3 que la mujer estaba tirada boca abajo y alrededor de ella se encontraban algunos recipientes con l\u00edquido transparente, al parecer solventes<strong>, adem\u00e1s de que a simple vista no se le apreciaron huellas de violencia en el cuerpo,<\/strong>&nbsp;por lo que se cree que muri\u00f3 por una sobredosis de solventes como lo dijeron los param\u00e9dicos.<\/p>\n\n\n\n<p>Sin embargo, dijo el MP, ser\u00e1n los peritos y el m\u00e9dico legista quienes determinen con exactitud cu\u00e1les fueron las causas que originaron su muerte, una vez que concluyan con los peritajes y la necropsia de ley, lo anterior para deslindar responsabilidades.<\/p>\n\n\n\n<p>En tanto, por estos hechos,\u00a0<strong>el agente del Ministerio P\u00fablico dio inici\u00f3 a la carpeta de investigaci\u00f3n correspondiente\u00a0<\/strong>por el delito de homicidio contra quien resulte responsable.<\/p>\n\n\n\n<p><a href=\"https:\/\/www.la-prensa.com.mx\/policiaca\/localizan-mujer-sin-vida-en-obra-negra-de-ixtapaluca-presumen-murio-por-sobredosis-10087922.html\">https:\/\/www.la-prensa.com.mx\/policiaca\/localizan-mujer-sin-vida-en-obra-negra-de-ixtapaluca-presumen-murio-por-sobredosis-10087922.html<\/a><\/p>\n","protected":false},"excerpt":{"rendered":"<p>Viernes 19 de mayo 2023 El cuerpo de la v\u00edctima no presentaba huellas de violencia,&#8230;<\/p>\n","protected":false},"author":3,"featured_media":59808,"comment_status":"closed","ping_status":"closed","sticky":false,"template":"","format":"standard","meta":{"footnotes":""},"categories":[2],"tags":[],"class_list":["post-59807","post","type-post","status-publish","format-standard","has-post-thumbnail","hentry","category-policiaca"],"_links":{"self":[{"href":"https:\/\/bambapolitica.com.mx\/index.php\/wp-json\/wp\/v2\/posts\/59807","targetHints":{"allow":["GET"]}}],"collection":[{"href":"https:\/\/bambapolitica.com.mx\/index.php\/wp-json\/wp\/v2\/posts"}],"about":[{"href":"https:\/\/bambapolitica.com.mx\/index.php\/wp-json\/wp\/v2\/types\/post"}],"author":[{"embeddable":true,"href":"https:\/\/bambapolitica.com.mx\/index.php\/wp-json\/wp\/v2\/users\/3"}],"replies":[{"embeddable":true,"href":"https:\/\/bambapolitica.com.mx\/index.php\/wp-json\/wp\/v2\/comments?post=59807"}],"version-history":[{"count":2,"href":"https:\/\/bambapolitica.com.mx\/index.php\/wp-json\/wp\/v2\/posts\/59807\/revisions"}],"predecessor-version":[{"id":59810,"href":"https:\/\/bambapolitica.com.mx\/index.php\/wp-json\/wp\/v2\/posts\/59807\/revisions\/59810"}],"wp:featuredmedia":[{"embeddable":true,"href":"https:\/\/bambapolitica.com.mx\/index.php\/wp-json\/wp\/v2\/media\/59808"}],"wp:attachment":[{"href":"https:\/\/bambapolitica.com.mx\/index.php\/wp-json\/wp\/v2\/media?parent=59807"}],"wp:term":[{"taxonomy":"category","embeddable":true,"href":"https:\/\/bambapolitica.com.mx\/index.php\/wp-json\/wp\/v2\/categories?post=59807"},{"taxonomy":"post_tag","embeddable":true,"href":"https:\/\/bambapolitica.com.mx\/index.php\/wp-json\/wp\/v2\/tags?post=59807"}],"curies":[{"name":"wp","href":"https:\/\/api.w.org\/{rel}","templated":true}]}}