{"id":59836,"date":"2023-05-20T10:04:37","date_gmt":"2023-05-20T16:04:37","guid":{"rendered":"http:\/\/bambapolitica.com.mx\/?p=59836"},"modified":"2023-05-20T10:04:39","modified_gmt":"2023-05-20T16:04:39","slug":"caprichos-de-amlo-opositores-reprueban-toma-de-instalaciones-de-grupo-mexico-por-fuerzas-armadas","status":"publish","type":"post","link":"https:\/\/bambapolitica.com.mx\/index.php\/2023\/05\/20\/caprichos-de-amlo-opositores-reprueban-toma-de-instalaciones-de-grupo-mexico-por-fuerzas-armadas\/","title":{"rendered":"&#8220;Caprichos&#8221; de AMLO: opositores reprueban toma de instalaciones de Grupo M\u00e9xico por fuerzas armadas"},"content":{"rendered":"\n<p>Sabado 20 de mayo 2023<\/p>\n\n\n\n<h2 class=\"wp-block-heading\">Advierten que la expropiaci\u00f3n de activos de la empresa Ferrosur en Coatzacoalcos da\u00f1a la percepci\u00f3n de riesgo de los inversores privados<\/h2>\n\n\n\n<p>Legisladores, dirigentes partidistas de oposici\u00f3n y organizaciones de la sociedad civil criticaron la acci\u00f3n de expropiaci\u00f3n de activos realizada por el gobierno federal de la&nbsp;<a href=\"https:\/\/www.eluniversal.com.mx\/nacion\/inm-firma-acuerdo-con-empresas-ferroviarias-para-disuadir-a-migrantes-a-no-usar-tren\/\" target=\"_blank\" rel=\"noreferrer noopener\"><strong>empresa Ferrosur<\/strong><\/a>&nbsp;en Coatzacoalcos, propiedad de&nbsp;<strong>Grupo M\u00e9xico.<\/strong><\/p>\n\n\n\n<p><a href=\"https:\/\/www.eluniversal.com.mx\/nacion\/pan-presenta-queja-ante-el-ine-por-actos-anticipados-de-campana-marko-cortes\/\" target=\"_blank\" rel=\"noreferrer noopener\"><strong>Marko Cort\u00e9s<\/strong><\/a>, dirigente nacional del PAN, dijo que la toma de las instalaciones de Ferrosur por parte de la&nbsp;<a href=\"https:\/\/www.eluniversal.com.mx\/tag\/marina\/\" target=\"_blank\" rel=\"noreferrer noopener\"><strong>Marina&nbsp;<\/strong><\/a>es una p\u00e9sima se\u00f1al para el mundo, un duro golpe a la certidumbre, contra la inversi\u00f3n y el crecimiento econ\u00f3mico.<\/p>\n\n\n\n<p>\u201cEste gobierno est\u00e1 convirtiendo a los militares en los verdaderos operadores y beneficiarios de la voluntad y de los caprichos del presidente\u201d; asever\u00f3.<\/p>\n\n\n\n<p>La senadora del PAN por Sonora,\u00a0<a rel=\"noreferrer noopener\" href=\"https:\/\/www.eluniversal.com.mx\/nacion\/no-nos-avergoncemos-de-representar-a-una-derecha-moderna-lilly-tellez\/\" target=\"_blank\"><strong>Lilly T\u00e9llez<\/strong><\/a>\u00a0asever\u00f3 que &#8220;AMLO expropia usando a los militares&#8221;, ante las reservas de informaci\u00f3n por ser obras de seguridad nacional, la legisladora describi\u00f3 que &#8220;por eso encubre la corrupci\u00f3n de sus mandos.<\/p>\n\n\n\n<p>&#8220;Expropiar es robar y as\u00ed empez\u00f3 Venezuela&#8221;, puntualizo<\/p>\n\n\n\n<p>En tanto,\u00a0<strong>Sociedad Civil M\u00e9xico (SCM)<\/strong>, organizaci\u00f3n que busca conformar una candidatura opositora de unidad para 2024, expres\u00f3 su en\u00e9rgico rechazo a las recientes acciones expropiatorias de activos y operaciones de la empresa Ferrosur, propiedad de Grupo M\u00e9xico, llevadas a cabo por el Gobierno Federal.<\/p>\n\n\n\n<p>En una carta dirigida a las dirigencias de los partidos Acci\u00f3n Nacional, Revolucionario Institucional, de la Revoluci\u00f3n Democr\u00e1tica y Movimiento Ciudadano, la organizaci\u00f3n se\u00f1al\u00f3 que dichas medidas anunciadas en el&nbsp;<strong>Diario Oficial de la Federaci\u00f3n<\/strong>&nbsp;tienen un impacto negativo en el clima de negocios en M\u00e9xico, da\u00f1ando la percepci\u00f3n de riesgo de los inversores privados.<\/p>\n\n\n\n<p>Adem\u00e1s, agreg\u00f3, afectan nuestra imagen internacional como destino de inversi\u00f3n extranjera y menoscabando el estado de derecho y la propiedad privada de empresas e individuos en nuestro pa\u00eds.<\/p>\n\n\n\n<p>\u201cCreemos firmemente que la expropiaci\u00f3n de activos y operaciones de empresas privadas no constituye la soluci\u00f3n adecuada para abordar los desaf\u00edos que enfrentamos\u201d, expres\u00f3 SCM.<\/p>\n\n\n\n<p>Tambi\u00e9n algunos analistas reprobaron el hecho, tal es el caso de\u00a0<strong>Irene Levy<\/strong>, quienconsider\u00f3 tremendo lo que est\u00e1 pasando y resalt\u00f3 que las fuerzas armadas tomaron instalaciones de Grupo M\u00e9xico, propiedad del empresario\u00a0<a rel=\"noreferrer noopener\" href=\"https:\/\/www.eluniversal.com.mx\/cartera\/german-larrea-amlo-una-larga-historia-de-encontronazos\/\" target=\"_blank\"><strong>Germ\u00e1n Larrea<\/strong><\/a>, sin avisar y public\u00f3 decreto de ocupaci\u00f3n temporal (sin plazo) de ciertas instalaciones. \u201c\u00bfQu\u00e9 sigue?\u201d, se pregunt\u00f3.<\/p>\n","protected":false},"excerpt":{"rendered":"<p>Sabado 20 de mayo 2023 Advierten que la expropiaci\u00f3n de activos de la empresa Ferrosur&#8230;<\/p>\n","protected":false},"author":3,"featured_media":59837,"comment_status":"closed","ping_status":"closed","sticky":false,"template":"","format":"standard","meta":{"footnotes":""},"categories":[4],"tags":[],"class_list":["post-59836","post","type-post","status-publish","format-standard","has-post-thumbnail","hentry","category-noticias-del-dia"],"_links":{"self":[{"href":"https:\/\/bambapolitica.com.mx\/index.php\/wp-json\/wp\/v2\/posts\/59836","targetHints":{"allow":["GET"]}}],"collection":[{"href":"https:\/\/bambapolitica.com.mx\/index.php\/wp-json\/wp\/v2\/posts"}],"about":[{"href":"https:\/\/bambapolitica.com.mx\/index.php\/wp-json\/wp\/v2\/types\/post"}],"author":[{"embeddable":true,"href":"https:\/\/bambapolitica.com.mx\/index.php\/wp-json\/wp\/v2\/users\/3"}],"replies":[{"embeddable":true,"href":"https:\/\/bambapolitica.com.mx\/index.php\/wp-json\/wp\/v2\/comments?post=59836"}],"version-history":[{"count":1,"href":"https:\/\/bambapolitica.com.mx\/index.php\/wp-json\/wp\/v2\/posts\/59836\/revisions"}],"predecessor-version":[{"id":59838,"href":"https:\/\/bambapolitica.com.mx\/index.php\/wp-json\/wp\/v2\/posts\/59836\/revisions\/59838"}],"wp:featuredmedia":[{"embeddable":true,"href":"https:\/\/bambapolitica.com.mx\/index.php\/wp-json\/wp\/v2\/media\/59837"}],"wp:attachment":[{"href":"https:\/\/bambapolitica.com.mx\/index.php\/wp-json\/wp\/v2\/media?parent=59836"}],"wp:term":[{"taxonomy":"category","embeddable":true,"href":"https:\/\/bambapolitica.com.mx\/index.php\/wp-json\/wp\/v2\/categories?post=59836"},{"taxonomy":"post_tag","embeddable":true,"href":"https:\/\/bambapolitica.com.mx\/index.php\/wp-json\/wp\/v2\/tags?post=59836"}],"curies":[{"name":"wp","href":"https:\/\/api.w.org\/{rel}","templated":true}]}}